{"id":2733,"date":"2021-07-16T20:04:58","date_gmt":"2021-07-16T18:04:58","guid":{"rendered":"https:\/\/vinosa.it\/?p=2733"},"modified":"2021-07-17T12:28:26","modified_gmt":"2021-07-17T10:28:26","slug":"la-genesi-di-un-gioiello","status":"publish","type":"post","link":"https:\/\/vinosa.it\/en\/la-genesi-di-un-gioiello\/","title":{"rendered":"La genesi di un gioiello"},"content":{"rendered":"\n<h2 class=\"wp-block-heading\">Prosecco di Conegliano Valdobbiadene Superiore extra dry &#8220;47\/87&#8221; &#8211; Rive di Vidor 2019 &#8211; Castello di Berton<\/h2>\n\n\n\n<div class=\"wp-block-image\"><figure class=\"aligncenter size-full is-resized\"><img loading=\"lazy\" decoding=\"async\" src=\"https:\/\/vinosa.it\/wp-content\/uploads\/2021\/07\/VINOSA-La-nascita-di-un-gioiello-citazione-Berton.png\" alt=\"\" class=\"wp-image-2790\" width=\"600\" height=\"338\" srcset=\"https:\/\/vinosa.it\/wp-content\/uploads\/2021\/07\/VINOSA-La-nascita-di-un-gioiello-citazione-Berton.png 2400w, https:\/\/vinosa.it\/wp-content\/uploads\/2021\/07\/VINOSA-La-nascita-di-un-gioiello-citazione-Berton-300x169.png 300w, https:\/\/vinosa.it\/wp-content\/uploads\/2021\/07\/VINOSA-La-nascita-di-un-gioiello-citazione-Berton-1024x576.png 1024w, https:\/\/vinosa.it\/wp-content\/uploads\/2021\/07\/VINOSA-La-nascita-di-un-gioiello-citazione-Berton-768x432.png 768w, https:\/\/vinosa.it\/wp-content\/uploads\/2021\/07\/VINOSA-La-nascita-di-un-gioiello-citazione-Berton-1536x864.png 1536w, https:\/\/vinosa.it\/wp-content\/uploads\/2021\/07\/VINOSA-La-nascita-di-un-gioiello-citazione-Berton-2048x1152.png 2048w, https:\/\/vinosa.it\/wp-content\/uploads\/2021\/07\/VINOSA-La-nascita-di-un-gioiello-citazione-Berton-500x281.png 500w, https:\/\/vinosa.it\/wp-content\/uploads\/2021\/07\/VINOSA-La-nascita-di-un-gioiello-citazione-Berton-800x450.png 800w, https:\/\/vinosa.it\/wp-content\/uploads\/2021\/07\/VINOSA-La-nascita-di-un-gioiello-citazione-Berton-1280x720.png 1280w, https:\/\/vinosa.it\/wp-content\/uploads\/2021\/07\/VINOSA-La-nascita-di-un-gioiello-citazione-Berton-1920x1080.png 1920w, https:\/\/vinosa.it\/wp-content\/uploads\/2021\/07\/VINOSA-La-nascita-di-un-gioiello-citazione-Berton-711x400.png 711w, https:\/\/vinosa.it\/wp-content\/uploads\/2021\/07\/VINOSA-La-nascita-di-un-gioiello-citazione-Berton-850x478.png 850w\" sizes=\"(max-width: 600px) 100vw, 600px\" \/><\/figure><\/div>\n\n\n\n<p class=\"has-drop-cap\">C&#8217;\u00e8 nessuno? \u00e8 permesso?<\/p>\n\n\n\n<p>Fa un caldo tremendo, L&#8217;idea era quella di andare a trovare Vittorio di luned\u00ec per evitare la confusione del fine settimana e trovarlo tranquillo. Per\u00f2 tra una cosa e l&#8217;altra si accumula il ritardo e raggiungo Vidor alle 11.30 passate. <\/p>\n\n\n\n<p>33 gradi. Non male. Ma perch\u00e9 ho esitato tanto a prendere la macchina stamattina? Vallo a capire&#8230;<\/p>\n\n\n\n<p>La porta scorrevole del capannone \u00e8 semi-aperta quindi provo ad entrare. Il silenzio \u00e8 assoluto.<\/p>\n\n\n\n<p>Scusate, posso? c&#8217;\u00e8 nessuno?<\/p>\n\n\n\n<p>Finalmente qualcuno mi risponde: prego, entri, entri.<\/p>\n\n\n\n<p>Non vedo nulla, dalla luce accecante dell&#8217;esterno alla comoda e fresca penombra dell&#8217;edificio gli occhi fanno fatica ad abituarsi. Il fresco quello no, quello arriva subito a consolarmi del caldo. Finalmente respiro. E inizio a sentire i primi profumi di uva e fermentazione.<\/p>\n\n\n\n<div class=\"wp-block-image\"><figure class=\"aligncenter size-large is-resized\"><img loading=\"lazy\" decoding=\"async\" src=\"https:\/\/vinosa.it\/wp-content\/uploads\/2021\/07\/Conegliano-Valdobbiadene-mappa-anni-trenta-1024x611.jpg\" alt=\"\" class=\"wp-image-2776\" width=\"728\" height=\"434\" srcset=\"https:\/\/vinosa.it\/wp-content\/uploads\/2021\/07\/Conegliano-Valdobbiadene-mappa-anni-trenta-1024x611.jpg 1024w, https:\/\/vinosa.it\/wp-content\/uploads\/2021\/07\/Conegliano-Valdobbiadene-mappa-anni-trenta-300x180.jpg 300w, https:\/\/vinosa.it\/wp-content\/uploads\/2021\/07\/Conegliano-Valdobbiadene-mappa-anni-trenta-768x458.jpg 768w, https:\/\/vinosa.it\/wp-content\/uploads\/2021\/07\/Conegliano-Valdobbiadene-mappa-anni-trenta-500x298.jpg 500w, https:\/\/vinosa.it\/wp-content\/uploads\/2021\/07\/Conegliano-Valdobbiadene-mappa-anni-trenta-800x477.jpg 800w, https:\/\/vinosa.it\/wp-content\/uploads\/2021\/07\/Conegliano-Valdobbiadene-mappa-anni-trenta-670x400.jpg 670w, https:\/\/vinosa.it\/wp-content\/uploads\/2021\/07\/Conegliano-Valdobbiadene-mappa-anni-trenta-850x507.jpg 850w, https:\/\/vinosa.it\/wp-content\/uploads\/2021\/07\/Conegliano-Valdobbiadene-mappa-anni-trenta.jpg 1200w\" sizes=\"(max-width: 728px) 100vw, 728px\" \/><figcaption>Mappa risalente agli anni Trenta della zona Conegliano Valdobbiadene<\/figcaption><\/figure><\/div>\n\n\n\n<p>Siamo a Vidor, nel cuore della  DOCG Conegliano Valdobbiadene, la 44\u00b0 DOCG d&#8217;Italia istituita nel 2009. Il meglio del prosecco di una zona baciata dal fato benevolo con secoli di allevamento della vite. Le radici di questo prezioso &#8220;saper fare&#8221; si perdono nel tempo anche se le testimonianze, davvero numerose, zampillano un po&#8217; per tutto l&#8217;arco temporale che giunge fino a noi.<\/p>\n\n\n\n<div class=\"wp-block-image\"><figure class=\"aligncenter size-full is-resized\"><img loading=\"lazy\" decoding=\"async\" src=\"https:\/\/vinosa.it\/wp-content\/uploads\/2021\/07\/VINOSA-Venanzio-fortunato.png\" alt=\"\" class=\"wp-image-2753\" width=\"600\" height=\"338\" srcset=\"https:\/\/vinosa.it\/wp-content\/uploads\/2021\/07\/VINOSA-Venanzio-fortunato.png 2400w, https:\/\/vinosa.it\/wp-content\/uploads\/2021\/07\/VINOSA-Venanzio-fortunato-300x169.png 300w, https:\/\/vinosa.it\/wp-content\/uploads\/2021\/07\/VINOSA-Venanzio-fortunato-1024x576.png 1024w, https:\/\/vinosa.it\/wp-content\/uploads\/2021\/07\/VINOSA-Venanzio-fortunato-768x432.png 768w, https:\/\/vinosa.it\/wp-content\/uploads\/2021\/07\/VINOSA-Venanzio-fortunato-1536x864.png 1536w, https:\/\/vinosa.it\/wp-content\/uploads\/2021\/07\/VINOSA-Venanzio-fortunato-2048x1152.png 2048w, https:\/\/vinosa.it\/wp-content\/uploads\/2021\/07\/VINOSA-Venanzio-fortunato-500x281.png 500w, https:\/\/vinosa.it\/wp-content\/uploads\/2021\/07\/VINOSA-Venanzio-fortunato-800x450.png 800w, https:\/\/vinosa.it\/wp-content\/uploads\/2021\/07\/VINOSA-Venanzio-fortunato-1280x720.png 1280w, https:\/\/vinosa.it\/wp-content\/uploads\/2021\/07\/VINOSA-Venanzio-fortunato-1920x1080.png 1920w, https:\/\/vinosa.it\/wp-content\/uploads\/2021\/07\/VINOSA-Venanzio-fortunato-711x400.png 711w, https:\/\/vinosa.it\/wp-content\/uploads\/2021\/07\/VINOSA-Venanzio-fortunato-850x478.png 850w\" sizes=\"(max-width: 600px) 100vw, 600px\" \/><figcaption>San Venanzio Fortunato, vescovo di Poitiers (530-607) nella sua descrizione di Valdobbiadene, sua terra di origine<br>(&#8220;luogo dove germoglia la vite sotto l&#8217;alta montagna, nella quale il verde lussureggiante protegge le zone pi\u00f9 brulle&#8221;)<\/figcaption><\/figure><\/div>\n\n\n\n<p>Gi\u00e0 nel 530 si parla della coltivazione della vite qui, ma a pensarci bene lo stesso nome &#8220;Vidor&#8221; pare richiamare tale pratica. Secondo Giovan Battista Pellegrini, nel suo <em>Toponomastica italiana. 10.000 nomi di citt\u00e0, paesi, frazioni, regioni, contrade, monti spiegati nella loro origine e storia<\/em>, il toponimo Vidor deriverebbe da una volgarizzazione del latino <em>vitis<\/em>.<br>Durante il Medioevo, a ridosso del Piave dove arrivano i confini meridionali del comune, furono costruiti un castello (ora distrutto) e un ponte che divenne punto nevralgico per centinaia di anni, sia per i commerci che, successivamente, durante la Prima Guerra mondiale per il passaggio di uomini e mezzi al di qua e di l\u00e0 del Piave.<br>Agli inizi del XII secolo fu, inoltre, eretta una abbazia per poter conservare degnamente i resti di Santa Bona, portati nella zona dal conte Giovanni Gravone, reduce dalla Prima Crociata. L&#8217;abbazia ebbe alterne vicende ma fu comunque un importante centro di rinascita e di governo del territorio, pur finendo soppressa nel 1773. <\/p>\n\n\n\n<div class=\"wp-block-image\"><figure class=\"aligncenter size-full is-resized\"><img loading=\"lazy\" decoding=\"async\" src=\"https:\/\/vinosa.it\/wp-content\/uploads\/2021\/07\/VINOSA-aureliano-acanti.png\" alt=\"\" class=\"wp-image-2756\" width=\"600\" height=\"338\" srcset=\"https:\/\/vinosa.it\/wp-content\/uploads\/2021\/07\/VINOSA-aureliano-acanti.png 2400w, https:\/\/vinosa.it\/wp-content\/uploads\/2021\/07\/VINOSA-aureliano-acanti-300x169.png 300w, https:\/\/vinosa.it\/wp-content\/uploads\/2021\/07\/VINOSA-aureliano-acanti-1024x576.png 1024w, https:\/\/vinosa.it\/wp-content\/uploads\/2021\/07\/VINOSA-aureliano-acanti-768x432.png 768w, https:\/\/vinosa.it\/wp-content\/uploads\/2021\/07\/VINOSA-aureliano-acanti-1536x864.png 1536w, https:\/\/vinosa.it\/wp-content\/uploads\/2021\/07\/VINOSA-aureliano-acanti-2048x1152.png 2048w, https:\/\/vinosa.it\/wp-content\/uploads\/2021\/07\/VINOSA-aureliano-acanti-500x281.png 500w, https:\/\/vinosa.it\/wp-content\/uploads\/2021\/07\/VINOSA-aureliano-acanti-800x450.png 800w, https:\/\/vinosa.it\/wp-content\/uploads\/2021\/07\/VINOSA-aureliano-acanti-1280x720.png 1280w, https:\/\/vinosa.it\/wp-content\/uploads\/2021\/07\/VINOSA-aureliano-acanti-1920x1080.png 1920w, https:\/\/vinosa.it\/wp-content\/uploads\/2021\/07\/VINOSA-aureliano-acanti-711x400.png 711w, https:\/\/vinosa.it\/wp-content\/uploads\/2021\/07\/VINOSA-aureliano-acanti-850x478.png 850w\" sizes=\"(max-width: 600px) 100vw, 600px\" \/><figcaption>Aureliano Acanti, Il Roccolo &#8211; ditirambo &#8211; 1754<\/figcaption><\/figure><\/div>\n\n\n\n<p><br>Come in molte parti d&#8217;Europa accadde, anche qui i monaci si dedicarono alacremente al recupero del suolo incentivando sia opere di deforestazione sia, poi, di coltivazione tra cui, anche, della vite. <\/p>\n\n\n\n<div class=\"wp-block-image\"><figure class=\"aligncenter size-large is-resized\"><img loading=\"lazy\" decoding=\"async\" src=\"https:\/\/vinosa.it\/wp-content\/uploads\/2021\/07\/Il-Cristo-della-Domenica_-S.-Pietro-di-Feletto-764x1024.jpg\" alt=\"\" class=\"wp-image-2735\" width=\"460\" height=\"617\" srcset=\"https:\/\/vinosa.it\/wp-content\/uploads\/2021\/07\/Il-Cristo-della-Domenica_-S.-Pietro-di-Feletto-764x1024.jpg 764w, https:\/\/vinosa.it\/wp-content\/uploads\/2021\/07\/Il-Cristo-della-Domenica_-S.-Pietro-di-Feletto-224x300.jpg 224w, https:\/\/vinosa.it\/wp-content\/uploads\/2021\/07\/Il-Cristo-della-Domenica_-S.-Pietro-di-Feletto-768x1030.jpg 768w, https:\/\/vinosa.it\/wp-content\/uploads\/2021\/07\/Il-Cristo-della-Domenica_-S.-Pietro-di-Feletto-1145x1536.jpg 1145w, https:\/\/vinosa.it\/wp-content\/uploads\/2021\/07\/Il-Cristo-della-Domenica_-S.-Pietro-di-Feletto-1527x2048.jpg 1527w, https:\/\/vinosa.it\/wp-content\/uploads\/2021\/07\/Il-Cristo-della-Domenica_-S.-Pietro-di-Feletto-500x671.jpg 500w, https:\/\/vinosa.it\/wp-content\/uploads\/2021\/07\/Il-Cristo-della-Domenica_-S.-Pietro-di-Feletto-800x1073.jpg 800w, https:\/\/vinosa.it\/wp-content\/uploads\/2021\/07\/Il-Cristo-della-Domenica_-S.-Pietro-di-Feletto-1280x1717.jpg 1280w, https:\/\/vinosa.it\/wp-content\/uploads\/2021\/07\/Il-Cristo-della-Domenica_-S.-Pietro-di-Feletto-597x800.jpg 597w, https:\/\/vinosa.it\/wp-content\/uploads\/2021\/07\/Il-Cristo-della-Domenica_-S.-Pietro-di-Feletto-298x400.jpg 298w, https:\/\/vinosa.it\/wp-content\/uploads\/2021\/07\/Il-Cristo-della-Domenica_-S.-Pietro-di-Feletto-300x402.jpg 300w, https:\/\/vinosa.it\/wp-content\/uploads\/2021\/07\/Il-Cristo-della-Domenica_-S.-Pietro-di-Feletto-850x1140.jpg 850w, https:\/\/vinosa.it\/wp-content\/uploads\/2021\/07\/Il-Cristo-della-Domenica_-S.-Pietro-di-Feletto.jpg 1662w\" sizes=\"(max-width: 460px) 100vw, 460px\" \/><figcaption>Il Cristo della domenica &#8211; S. Pietro di Feletto<\/figcaption><\/figure><\/div>\n\n\n\n<p>Che la viticoltura e la vinificazione fossero centrali per queste splendide colline \u00e8 inoltre testimoniato anche da alcuni affreschi, tra cui spicca quello del Cristo della Domenica &#8211; una tematica abbastanza diffusa in un&#8217;epoca marcatamente religiosa &#8211; secondo cui di domenica non si doveva lavorare per non far dispiacere al Cristo. Negli affreschi vengono rappresentati gli attrezzi e le azioni dei giorni feriali ed \u00e8 facile intuire di cosa si occupassero gli abitanti dell&#8217;epoca e di quale fosse il ruolo della viticoltura nella loro vita quotidiana.<\/p>\n\n\n\n<div class=\"wp-block-image\"><figure class=\"aligncenter size-large is-resized\"><img loading=\"lazy\" decoding=\"async\" src=\"https:\/\/vinosa.it\/wp-content\/uploads\/2021\/07\/grafica-VINOSA-1-1024x1024.png\" alt=\"\" class=\"wp-image-2701\" width=\"185\" height=\"185\" srcset=\"https:\/\/vinosa.it\/wp-content\/uploads\/2021\/07\/grafica-VINOSA-1-1024x1024.png 1024w, https:\/\/vinosa.it\/wp-content\/uploads\/2021\/07\/grafica-VINOSA-1-300x300.png 300w, https:\/\/vinosa.it\/wp-content\/uploads\/2021\/07\/grafica-VINOSA-1-150x150.png 150w, https:\/\/vinosa.it\/wp-content\/uploads\/2021\/07\/grafica-VINOSA-1-768x768.png 768w, https:\/\/vinosa.it\/wp-content\/uploads\/2021\/07\/grafica-VINOSA-1-1536x1536.png 1536w, https:\/\/vinosa.it\/wp-content\/uploads\/2021\/07\/grafica-VINOSA-1-500x500.png 500w, https:\/\/vinosa.it\/wp-content\/uploads\/2021\/07\/grafica-VINOSA-1-800x800.png 800w, https:\/\/vinosa.it\/wp-content\/uploads\/2021\/07\/grafica-VINOSA-1-1280x1280.png 1280w, https:\/\/vinosa.it\/wp-content\/uploads\/2021\/07\/grafica-VINOSA-1-400x400.png 400w, https:\/\/vinosa.it\/wp-content\/uploads\/2021\/07\/grafica-VINOSA-1-850x850.png 850w, https:\/\/vinosa.it\/wp-content\/uploads\/2021\/07\/grafica-VINOSA-1.png 1600w\" sizes=\"(max-width: 185px) 100vw, 185px\" \/><\/figure><\/div>\n\n\n\n<p>Vittorio Berton mi accoglie con un bel sorriso e con gentilezza tipicamente &#8220;veneta&#8221;. Mi fa accomodare e senza fretta si fa raccontare cosa mi ha portato da lui un luned\u00ec di luglio.<\/p>\n\n\n\n<p>La versione breve, brevissima \u00e8: ho sentito del tuo Rive, me ne sono innamorata e sono qui per sentire la tua storia.<\/p>\n\n\n\n<p>Quella lunga \u00e8, appunto, lunga.<\/p>\n\n\n\n<p>Decanter \u00e8 una delle riviste pi\u00f9 prestigiose al mondo nel settore enologico; ogni anno organizza il DWWA, ovvero i Decanter World Wine Awards (DWWA), il pi\u00f9 grande e prestigioso concorso vinicolo al mondo riconosciuto a livello internazionale per l&#8217;affidabilit\u00e0 del loro rigoroso processo di degustazione e selezione.&nbsp;<\/p>\n\n\n\n<p>Questo \u00e8 stato per loro l&#8217;anno dei record, con 18.094 vini degustati provenienti da 56 paesi. Nel mese di giugno, per 15 giorni consecutivi quasi 170 esperti giudici di vino, tra cui 44 Master of Wine e 11 Master Sommelier, hanno premiato 50 Best in Show, 179 Platinum, 635 Gold, 5.607 Silver e 8.332 Bronze vini di tutto il mondo.<\/p>\n\n\n\n<p>Un evento gigantesco ai limiti del comprensibile per i numeri che presenta.<br>Ebbene tra i 50 premiati Best in Show troviamo proprio il prosecco di Vittorio, il suo 47\/87 del 2019.<\/p>\n\n\n\n<div class=\"wp-block-image\"><figure class=\"aligncenter size-large is-resized\"><img loading=\"lazy\" decoding=\"async\" src=\"https:\/\/vinosa.it\/wp-content\/uploads\/2021\/07\/grafica-VINOSA-2-1024x1024.png\" alt=\"\" class=\"wp-image-2703\" width=\"185\" height=\"185\" srcset=\"https:\/\/vinosa.it\/wp-content\/uploads\/2021\/07\/grafica-VINOSA-2-1024x1024.png 1024w, https:\/\/vinosa.it\/wp-content\/uploads\/2021\/07\/grafica-VINOSA-2-300x300.png 300w, https:\/\/vinosa.it\/wp-content\/uploads\/2021\/07\/grafica-VINOSA-2-150x150.png 150w, https:\/\/vinosa.it\/wp-content\/uploads\/2021\/07\/grafica-VINOSA-2-768x768.png 768w, https:\/\/vinosa.it\/wp-content\/uploads\/2021\/07\/grafica-VINOSA-2-1536x1536.png 1536w, https:\/\/vinosa.it\/wp-content\/uploads\/2021\/07\/grafica-VINOSA-2-500x500.png 500w, https:\/\/vinosa.it\/wp-content\/uploads\/2021\/07\/grafica-VINOSA-2-800x800.png 800w, https:\/\/vinosa.it\/wp-content\/uploads\/2021\/07\/grafica-VINOSA-2-1280x1280.png 1280w, https:\/\/vinosa.it\/wp-content\/uploads\/2021\/07\/grafica-VINOSA-2-400x400.png 400w, https:\/\/vinosa.it\/wp-content\/uploads\/2021\/07\/grafica-VINOSA-2-850x850.png 850w, https:\/\/vinosa.it\/wp-content\/uploads\/2021\/07\/grafica-VINOSA-2.png 1600w\" sizes=\"(max-width: 185px) 100vw, 185px\" \/><\/figure><\/div>\n\n\n\n<p><strong>D.<\/strong>: <strong>Partiamo dall\u2019inizio? La tua formazione? Come hai deciso di fare l\u2019enologo? Qual \u00e8 la storia della cantina?<\/strong><\/p>\n\n\n\n<p><strong>R.<\/strong>: La cantina nasce nel 1922, quando il bisnonno approda a Vidor spostandosi dalla zona di Caorera nel bellunese, dove, dal punto di vista viti-vinicolo, non c\u2019era alcun tipo di prospettiva di crescita. Le condizioni climatiche, per esempio, non erano delle migliori l\u00ec, al contrario di Vidor dove la tradizione viticola \u00e8 pi\u00f9 che millenaria. E quindi il bisnonno decide di spostarsi a Vidor. Va quindi ad acquistare tutti gli appezzamenti di terreno adiacenti al castello di Vidor che in quel momento erano adibiti ad area boschiva, li va a convertire tutti in vigneto e da l\u00ec nasce l\u2019azienda. Abbiamo sempre vinificato, non \u00e8 mai stato di nostro interesse commercializzare l\u2019uva. In altre parole, il prodotto primario fin dall\u2019epoca \u00e8 sempre stato trasformato. Inizialmente i quantitativi erano bassi e servivano solo ed esclusivamente per il sostentamento della famiglia.<\/p>\n\n\n\n<div class=\"wp-block-image\"><figure class=\"aligncenter size-large is-resized\"><img loading=\"lazy\" decoding=\"async\" src=\"https:\/\/vinosa.it\/wp-content\/uploads\/2021\/07\/orientamento-colline-prosecco-valdobbiadene-conegliano-1024x528.jpg\" alt=\"\" class=\"wp-image-2778\" width=\"768\" height=\"396\" srcset=\"https:\/\/vinosa.it\/wp-content\/uploads\/2021\/07\/orientamento-colline-prosecco-valdobbiadene-conegliano-1024x528.jpg 1024w, https:\/\/vinosa.it\/wp-content\/uploads\/2021\/07\/orientamento-colline-prosecco-valdobbiadene-conegliano-300x155.jpg 300w, https:\/\/vinosa.it\/wp-content\/uploads\/2021\/07\/orientamento-colline-prosecco-valdobbiadene-conegliano-768x396.jpg 768w, https:\/\/vinosa.it\/wp-content\/uploads\/2021\/07\/orientamento-colline-prosecco-valdobbiadene-conegliano-500x258.jpg 500w, https:\/\/vinosa.it\/wp-content\/uploads\/2021\/07\/orientamento-colline-prosecco-valdobbiadene-conegliano-800x412.jpg 800w, https:\/\/vinosa.it\/wp-content\/uploads\/2021\/07\/orientamento-colline-prosecco-valdobbiadene-conegliano-776x400.jpg 776w, https:\/\/vinosa.it\/wp-content\/uploads\/2021\/07\/orientamento-colline-prosecco-valdobbiadene-conegliano-850x438.jpg 850w, https:\/\/vinosa.it\/wp-content\/uploads\/2021\/07\/orientamento-colline-prosecco-valdobbiadene-conegliano.jpg 1203w\" sizes=\"(max-width: 768px) 100vw, 768px\" \/><figcaption>Orientamento delle colline del prosecco<\/figcaption><\/figure><\/div>\n\n\n\n<p><strong>D.<\/strong>:<strong> Il bisnonno era enologo o viticoltore?<\/strong><\/p>\n\n\n\n<p><strong>R.<\/strong>: No, era un semplice viticoltore. Poi il nonno prende in mano l\u2019azienda; poi, dopo di lui, mio padre, e quando avevo 16-17 anni mi dice \u201cperch\u00e9 non pensi di iscriverti alla scuola enologica di Conegliano?\u201d.<br>E gi\u00e0 l\u00e0 c\u2019\u00e8 stata la prima pressione. <br>Gli ho detto di lasciarmi tempo. Quella \u00e8 una et\u00e0 in cui non riesci a prendere grandi decisioni. Un po\u2019 condizionato da mio padre, un po\u2019 dagli amici mi sono iscritto ad enologia. A me piaceva tanto la chimica e fortunatamente a Conegliano si studiava la chimica enologica. &nbsp;Poi mi sono diplomato e mi sono trovato di fronte ad una seconda scelta. Andare all\u2019universit\u00e0, fare un\u2019esperienza all\u2019estero (all\u2019epoca avevo ricevuto delle richieste per passare 12 mesi in Nuova Zelanda), oppure fare l\u2019analista in un laboratorio chimico di analisi enologiche.<\/p>\n\n\n\n<p><strong>D.<\/strong>: <strong>Dove?<\/strong><\/p>\n\n\n\n<p><strong>R.<\/strong>: Qui a Bigolino ce ne \u00e8 uno. Ma la stessa azienda ha una sede anche a Tezze di Piave. Per il primo periodo ho scelto quest\u2019ultimo.<\/p>\n\n\n\n<p><strong>D.: Come mai non sei andato in Nuova Zelanda?<\/strong><\/p>\n\n\n\n<p><strong>R.<\/strong>: Non me la sono sentita. Ero troppo giovane e intimidito. Comunque, mi trovavo bene e mi piaceva tantissimo quel tipo di lavoro.<br>Per\u00f2 un bel giorno pap\u00e0 mi disse \u201cCosa facciamo? L\u2019azienda \u00e8 qua, pronta\u2026\u201d<\/p>\n\n\n\n<p><strong>D.: Ma sei figlio unico?<\/strong><\/p>\n\n\n\n<p><strong>R.<\/strong>: No, ho anche un fratello molto pi\u00f9 grande di me che per\u00f2 fa altro. Per un breve periodo \u00e8 rimasto qui in azienda con noi. Poi si \u00e8 reso conto che non faceva per lui e ha ripreso a fare ci\u00f2 che faceva prima.<br>Come stavo dicendo pap\u00e0 mi disse \u201coh beh, \u00e8 ora che inizi a far qualcosa anche tu: se io rimango cos\u00ec come sono da solo, non mi interessa sviluppare l\u2019azienda o aumentare la produzione se non ho un seguito\u201d. <br>Allora, quello che gli avevo detto la prima volta, quando si era trattato di decidere i miei studi, glielo ripeto anche in questa occasione: fammici pensare.<br>Mi trovavo bene a fare l\u2019analista, era un bel posto e stavo bene. Mi sarebbe dispiaciuto lasciare.<\/p>\n\n\n\n<p>Alla fine per\u00f2 gli ho detto \u201cVa bene, dai, vengo qua\u201d.<\/p>\n\n\n\n<p>Inizialmente ero in difficolt\u00e0 perch\u00e9 per me era tutto nuovo. Conoscevo questo mondo solo dai libri e ho dovuto quasi ricominciare tutto da zero.<\/p>\n\n\n\n<p><strong>D.: Quanti anni avevi?<\/strong><\/p>\n\n\n\n<p><strong>R.<\/strong>: Circa 22. Poi pian piano ho iniziato a sviluppare l\u2019azienda, fare investimenti, imparare sempre pi\u00f9 anno dopo anno, lavorando giorno dopo giorno con pap\u00e0; e dicevo \u201cpap\u00e0 si potrebbe far cos\u00ec\u201d , \u201cpap\u00e0 potremmo cambiare in quest&#8217;altro modo\u201d, fino a quando abbiamo acquistato tutte le autoclavi, tutto quanto necessario per il confezionamento in modo da arrivare al prodotto nostro 100%.<\/p>\n\n\n\n<p>Prima cosa succedeva: facevamo la vinificazione, avevamo tre contesti di mercato: la vendita dello sfuso in damigiana, nel periodo di marzo-aprile; la vendita delle bottiglie (che, per\u00f2, non spumantizzavamo noi. Le facevamo spumantizzare da altre case spumantistiche, altre aziende, altre cantine un po\u2019 pi\u00f9 grandi di noi ma sempre della zona. Portavamo il vino base, filtrato, sterile, chiarificato, stabile. Spumantizzavano e imbottigliavano e poi ci restituivano il prodotto); e il terzo contesto di mercato era la vendita in cisterna cio\u00e8 l\u2019intera vasca perch\u00e9 la produzione in vigna e la relativa produzione in cantina era superiore a quella che riuscivamo a commercializzare tra sfuso e bottiglia.<br>Rimanevano 200-300-400 ettolitri, o quello che era, contattavamo altre aziende per sapere se lo volevano acquistare e, in caso positivo, arrivava il camion, caricava con la pompa l\u2019intera vasca e se lo portava via.<\/p>\n\n\n\n<p>Attualmente, invece, quel tipo di mercato lo stiamo un po\u2019 accantonando (anche se qualcosina c\u2019\u00e8 ancora). Oggi commercializziamo molte pi\u00f9 bottiglie di quello che facevamo una volta, ce le spumantizziamo noi direttamente e poi le mettiamo in vendita. Insomma, seguiamo tutta la filiera, internalizzando tutto dalla A alla Z.<\/p>\n\n\n\n<div class=\"wp-block-image\"><figure class=\"aligncenter size-full is-resized\"><img loading=\"lazy\" decoding=\"async\" src=\"https:\/\/vinosa.it\/wp-content\/uploads\/2021\/07\/grafica-VINOSA-3.png\" alt=\"\" class=\"wp-image-2705\" width=\"185\" height=\"185\" srcset=\"https:\/\/vinosa.it\/wp-content\/uploads\/2021\/07\/grafica-VINOSA-3.png 800w, https:\/\/vinosa.it\/wp-content\/uploads\/2021\/07\/grafica-VINOSA-3-300x300.png 300w, https:\/\/vinosa.it\/wp-content\/uploads\/2021\/07\/grafica-VINOSA-3-150x150.png 150w, https:\/\/vinosa.it\/wp-content\/uploads\/2021\/07\/grafica-VINOSA-3-768x768.png 768w, https:\/\/vinosa.it\/wp-content\/uploads\/2021\/07\/grafica-VINOSA-3-500x500.png 500w, https:\/\/vinosa.it\/wp-content\/uploads\/2021\/07\/grafica-VINOSA-3-400x400.png 400w\" sizes=\"(max-width: 185px) 100vw, 185px\" \/><\/figure><\/div>\n\n\n\n<p><strong>D.: Torniamo in vigna. Tachis diceva: il vino si fa in vigna. Giusto?<\/strong><\/p>\n\n\n\n<p><strong>R.<\/strong>: S\u00ec.<\/p>\n\n\n\n<p><strong>D.: Allora, mi dici dove sono i posizionati i vigneti e che tipo di suoli hai?<\/strong><\/p>\n\n\n\n<p><strong>R.<\/strong>: Gli appezzamenti sono dislocati in pi\u00f9 zone e anche in pi\u00f9 comuni. Ne abbiamo nel comune di Vidor, sia Vidor centro che nella zona del castello di Vidor, sia nella frazione di Colbertaldo. Sono tutti vigneti in collina. Poi abbiamo qualcosina anche in zona Valdobbiadene. E poi abbiamo anche dei vigneti in pianura, zona Cogolo- Pederobba-Onigo. Facciamo tutta la linea dei prodotti DOC. I vigneti di pianura sono quelli che poi portano ad una spumantizzazione o comunque una commercializzazione immediata. Sono prodotti che nascono pronti subito e prima, beverini e facili insomma.<br>Invece tutto quello che otteniamo dalle colline ci produce vini che a dicembre non sono ancora pronti. Hanno subito le stesse lavorazioni, per\u00f2 non sono pronti, non sono esplosivi, non sono pronti n\u00e9 a naso n\u00e9 in bocca. Hanno bisogno di pi\u00f9 tempo. <br>Che prodotti otteniamo dalle colline? Secondo me prodotti unici nel loro genere per il semplice fatto che dal punto di vista del suolo ed anche del microclima le nostre colline sono l\u2019ideale per questa tipologia di variet\u00e0.<\/p>\n\n\n\n<div class=\"wp-block-image\"><figure class=\"aligncenter size-large is-resized\"><img loading=\"lazy\" decoding=\"async\" src=\"https:\/\/vinosa.it\/wp-content\/uploads\/2021\/07\/clima-valdobbiadene-1024x488.jpg\" alt=\"\" class=\"wp-image-2780\" width=\"768\" height=\"366\" srcset=\"https:\/\/vinosa.it\/wp-content\/uploads\/2021\/07\/clima-valdobbiadene-1024x488.jpg 1024w, https:\/\/vinosa.it\/wp-content\/uploads\/2021\/07\/clima-valdobbiadene-300x143.jpg 300w, https:\/\/vinosa.it\/wp-content\/uploads\/2021\/07\/clima-valdobbiadene-768x366.jpg 768w, https:\/\/vinosa.it\/wp-content\/uploads\/2021\/07\/clima-valdobbiadene-500x238.jpg 500w, https:\/\/vinosa.it\/wp-content\/uploads\/2021\/07\/clima-valdobbiadene-800x381.jpg 800w, https:\/\/vinosa.it\/wp-content\/uploads\/2021\/07\/clima-valdobbiadene-839x400.jpg 839w, https:\/\/vinosa.it\/wp-content\/uploads\/2021\/07\/clima-valdobbiadene-850x405.jpg 850w, https:\/\/vinosa.it\/wp-content\/uploads\/2021\/07\/clima-valdobbiadene.jpg 1265w\" sizes=\"(max-width: 768px) 100vw, 768px\" \/><figcaption>Clima della zona di Valdobbiadene<\/figcaption><\/figure><\/div>\n\n\n\n<p><strong>D.: Solo Glera?<\/strong><\/p>\n\n\n\n<p><strong>R.<\/strong>: S\u00ec. Solo ed esclusivamente Glera. In pianura abbiamo un po\u2019 di Pinot grigio.<\/p>\n\n\n\n<p><strong>D.: E come la coltivate? Piantagione classica per la Glera a doppio capovolto?<\/strong><\/p>\n\n\n\n<p><strong>R.<\/strong>: Sia vitigni a Sylvot che a doppio capovolto.<\/p>\n\n\n\n<p><strong>D.: Ah ok, tradizionale.<\/strong><\/p>\n\n\n\n<p><strong>R.<\/strong>: s\u00ec, s\u00ec. Il doppio capovolto solitamente in collina per non appesantire il filare.<\/p>\n\n\n\n<p><strong>D.: Tutto a mano?<\/strong><\/p>\n\n\n\n<p><strong>R.<\/strong>: S\u00ec.<\/p>\n\n\n\n<div class=\"wp-block-image\"><figure class=\"aligncenter size-large is-resized\"><img loading=\"lazy\" decoding=\"async\" src=\"https:\/\/vinosa.it\/wp-content\/uploads\/2021\/07\/grafica-VINOSA-6-1024x1024.png\" alt=\"\" class=\"wp-image-2761\" width=\"185\" height=\"185\" srcset=\"https:\/\/vinosa.it\/wp-content\/uploads\/2021\/07\/grafica-VINOSA-6-1024x1024.png 1024w, https:\/\/vinosa.it\/wp-content\/uploads\/2021\/07\/grafica-VINOSA-6-300x300.png 300w, https:\/\/vinosa.it\/wp-content\/uploads\/2021\/07\/grafica-VINOSA-6-150x150.png 150w, https:\/\/vinosa.it\/wp-content\/uploads\/2021\/07\/grafica-VINOSA-6-768x768.png 768w, https:\/\/vinosa.it\/wp-content\/uploads\/2021\/07\/grafica-VINOSA-6-1536x1536.png 1536w, https:\/\/vinosa.it\/wp-content\/uploads\/2021\/07\/grafica-VINOSA-6-500x500.png 500w, https:\/\/vinosa.it\/wp-content\/uploads\/2021\/07\/grafica-VINOSA-6-800x800.png 800w, https:\/\/vinosa.it\/wp-content\/uploads\/2021\/07\/grafica-VINOSA-6-1280x1280.png 1280w, https:\/\/vinosa.it\/wp-content\/uploads\/2021\/07\/grafica-VINOSA-6-400x400.png 400w, https:\/\/vinosa.it\/wp-content\/uploads\/2021\/07\/grafica-VINOSA-6-850x850.png 850w, https:\/\/vinosa.it\/wp-content\/uploads\/2021\/07\/grafica-VINOSA-6.png 1600w\" sizes=\"(max-width: 185px) 100vw, 185px\" \/><\/figure><\/div>\n\n\n\n<p><strong>D.: Per quest&#8217;area si parla anche di pendenze al 70%; che pendenze ci sono da te?<\/strong><\/p>\n\n\n\n<p><strong>R.<\/strong>: Eh importanti. Comunque, dipende da zona a zona, dipende anche da come \u00e8 strutturata la collina. Per necessit\u00e0 ne abbiamo dovute risistemare alcune che avevano delle viti storiche ma che non erano pi\u00f9 produttive vuoi per patologie, vuoi per et\u00e0, vuoi per una serie di fattori per cui non potevamo pi\u00f9 mantenerle. &nbsp;Quindi le abbiamo rimosse, abbiamo reimpiantato nuove barbatelle. Per\u00f2, prima di fare tutto questo abbiamo anche risistemato tutta la collina. Quindi abbiamo allargato gli interfilari, abbiamo risistemato le rive, rinforzandole, ed altri lavori che da una parte consolidano la tenuta della collina ma dall\u2019altra ci facilitano anche un poco il lavoro.<br>Invece, ci sono colline storiche dove i vigneti sono storici, nemmeno cammini\u2026 non ci sono proprio i passaggi ed \u00e8 difficile quasi riuscire sia ad arrampicarci che a camminare perch\u00e9 ci sono pendenze troppo importanti. Davvero dura.<\/p>\n\n\n\n<figure class=\"wp-block-image size-large is-resized\"><img loading=\"lazy\" decoding=\"async\" src=\"https:\/\/vinosa.it\/wp-content\/uploads\/2021\/07\/la-priamide-del-prosecco-di-valdobbiadene-1-1024x526.jpg\" alt=\"\" class=\"wp-image-2784\" width=\"768\" height=\"395\" srcset=\"https:\/\/vinosa.it\/wp-content\/uploads\/2021\/07\/la-priamide-del-prosecco-di-valdobbiadene-1-1024x526.jpg 1024w, https:\/\/vinosa.it\/wp-content\/uploads\/2021\/07\/la-priamide-del-prosecco-di-valdobbiadene-1-300x154.jpg 300w, https:\/\/vinosa.it\/wp-content\/uploads\/2021\/07\/la-priamide-del-prosecco-di-valdobbiadene-1-768x394.jpg 768w, https:\/\/vinosa.it\/wp-content\/uploads\/2021\/07\/la-priamide-del-prosecco-di-valdobbiadene-1-500x257.jpg 500w, https:\/\/vinosa.it\/wp-content\/uploads\/2021\/07\/la-priamide-del-prosecco-di-valdobbiadene-1-800x411.jpg 800w, https:\/\/vinosa.it\/wp-content\/uploads\/2021\/07\/la-priamide-del-prosecco-di-valdobbiadene-1-779x400.jpg 779w, https:\/\/vinosa.it\/wp-content\/uploads\/2021\/07\/la-priamide-del-prosecco-di-valdobbiadene-1-850x436.jpg 850w, https:\/\/vinosa.it\/wp-content\/uploads\/2021\/07\/la-priamide-del-prosecco-di-valdobbiadene-1.jpg 1210w\" sizes=\"(max-width: 768px) 100vw, 768px\" \/><figcaption>La piramide del prosecco<\/figcaption><\/figure>\n\n\n\n<p><strong>D.: Ma i ceppi pi\u00f9 vecchi quanti anni hanno?<\/strong><\/p>\n\n\n\n<p><strong>R.<\/strong>: Mah, diciamo intorno ai cinquant\u2019anni.<\/p>\n\n\n\n<p><strong>D.: E come producono quelli?<\/strong><\/p>\n\n\n\n<p><strong>R.<\/strong>: Quelli sono i migliori.<\/p>\n\n\n\n<p><strong>D.: Quanto fate come produzione?<\/strong><\/p>\n\n\n\n<p><strong>R.<\/strong>: Beh, nel mondo DOCG, quindi prodotto che proviene dalle vigne in collina, non possiamo superare i 130 quintali per ettaro.<\/p>\n\n\n\n<p><strong>D.: Voi vi attenete al disciplinare o abbassate ancora?<\/strong><\/p>\n\n\n\n<p><strong>R.<\/strong>: Nel mondo Rive, nello specifico la bottiglia 47\/87 che, in etichetta, viene specificata come Rive di Vidor, da disciplinare abbiamo l\u2019obbligo di rinunciare a una piccola percentuale della produzione. Non troppo perch\u00e9 altrimenti si vanno a perdere quelle che sono le caratteristiche specifiche della variet\u00e0. Il mondo Glera \u00e8 gi\u00e0 di per s\u00e9 generoso, quindi, asportare troppo, secondo me, poi vai a perdere quelle che sono le sue caratteristiche. Non \u00e8 come coltivare, per esempio, uno Chardonnay o un Pinot o un Gerwurztraminer.<\/p>\n\n\n\n<figure class=\"wp-block-image size-large\"><img loading=\"lazy\" decoding=\"async\" width=\"1024\" height=\"551\" src=\"https:\/\/vinosa.it\/wp-content\/uploads\/2021\/07\/mappa-rive-DOCG_zoom-1024x551.jpg\" alt=\"\" class=\"wp-image-2795\" srcset=\"https:\/\/vinosa.it\/wp-content\/uploads\/2021\/07\/mappa-rive-DOCG_zoom-1024x551.jpg 1024w, https:\/\/vinosa.it\/wp-content\/uploads\/2021\/07\/mappa-rive-DOCG_zoom-300x161.jpg 300w, https:\/\/vinosa.it\/wp-content\/uploads\/2021\/07\/mappa-rive-DOCG_zoom-768x413.jpg 768w, https:\/\/vinosa.it\/wp-content\/uploads\/2021\/07\/mappa-rive-DOCG_zoom-1536x826.jpg 1536w, https:\/\/vinosa.it\/wp-content\/uploads\/2021\/07\/mappa-rive-DOCG_zoom-2048x1102.jpg 2048w, https:\/\/vinosa.it\/wp-content\/uploads\/2021\/07\/mappa-rive-DOCG_zoom-500x269.jpg 500w, https:\/\/vinosa.it\/wp-content\/uploads\/2021\/07\/mappa-rive-DOCG_zoom-800x430.jpg 800w, https:\/\/vinosa.it\/wp-content\/uploads\/2021\/07\/mappa-rive-DOCG_zoom-1280x689.jpg 1280w, https:\/\/vinosa.it\/wp-content\/uploads\/2021\/07\/mappa-rive-DOCG_zoom-1920x1033.jpg 1920w, https:\/\/vinosa.it\/wp-content\/uploads\/2021\/07\/mappa-rive-DOCG_zoom-744x400.jpg 744w, https:\/\/vinosa.it\/wp-content\/uploads\/2021\/07\/mappa-rive-DOCG_zoom-850x457.jpg 850w\" sizes=\"(max-width: 1024px) 100vw, 1024px\" \/><figcaption>Courtesy Conegliano Valdobbiadene DOCG<\/figcaption><\/figure>\n\n\n\n<p><strong>D.: Parliamo ancora dei suoli della tua azienda? Mi specifichi meglio i dettagli?<\/strong><\/p>\n\n\n\n<p><strong>R.<\/strong>: Sono terreni di origine morenica, conglomerati di sassi ad impasto misto a seconda della zona. Ci sono delle colline pi\u00f9 ricche di suolo, altre meno: voglio dire, mentre in alcune colline i profili di suolo sono pi\u00f9 profondi, in altre i profili sono meno profondi e si arriva subito alla roccia madre. Pensa che quando abbiamo messo mano per risistemare una delle colline a cui accennavo prima, abbiamo trovato una vite storica, circa 50 anni, che era piantata sopra solo 20 cm di suolo e sotto aveva un unico fittone che si incuneava nella roccia per un metro, un metro e mezzo. Quindi evidentemente il fittone aveva trovato un buco e si era infilato nella roccia fino in fondo. <br>Cosa ne pu\u00f2 uscire da una vite cos\u00ec? Un\u2019uva fantastica.<\/p>\n\n\n\n<p><strong>D.: Bisognerebbe vinificarla separatamente, allora&#8230;<\/strong><\/p>\n\n\n\n<p><strong>R.<\/strong>: Beh, noi lo facciamo.&nbsp; Con le viti storiche riusciamo ad avere una tracciabilit\u00e0 in cantina. Ogni piccolo appezzamento di collina di viti storiche viene vinificato per conto suo. Se l\u2019appezzamento \u00e8 piccolino vinifichiamo in una 50 ettolitri, se \u00e8 un po\u2019 pi\u00f9 grande usiamo una 100 hL. Quei prodotti l\u00ec come il 47\/87 e l\u2019altro &#8211; il DOC &#8211; non nascono a caso mescolando uve da pianura e da collina. Si tratta di pura Glera che viene solo da specifici vigneti.<\/p>\n\n\n\n<div class=\"wp-block-image\"><figure class=\"aligncenter size-full is-resized\"><img loading=\"lazy\" decoding=\"async\" src=\"https:\/\/vinosa.it\/wp-content\/uploads\/2021\/07\/VINOSA-Uberti.png\" alt=\"\" class=\"wp-image-2759\" width=\"600\" height=\"338\" srcset=\"https:\/\/vinosa.it\/wp-content\/uploads\/2021\/07\/VINOSA-Uberti.png 2400w, https:\/\/vinosa.it\/wp-content\/uploads\/2021\/07\/VINOSA-Uberti-300x169.png 300w, https:\/\/vinosa.it\/wp-content\/uploads\/2021\/07\/VINOSA-Uberti-1024x576.png 1024w, https:\/\/vinosa.it\/wp-content\/uploads\/2021\/07\/VINOSA-Uberti-768x432.png 768w, https:\/\/vinosa.it\/wp-content\/uploads\/2021\/07\/VINOSA-Uberti-1536x864.png 1536w, https:\/\/vinosa.it\/wp-content\/uploads\/2021\/07\/VINOSA-Uberti-2048x1152.png 2048w, https:\/\/vinosa.it\/wp-content\/uploads\/2021\/07\/VINOSA-Uberti-500x281.png 500w, https:\/\/vinosa.it\/wp-content\/uploads\/2021\/07\/VINOSA-Uberti-800x450.png 800w, https:\/\/vinosa.it\/wp-content\/uploads\/2021\/07\/VINOSA-Uberti-1280x720.png 1280w, https:\/\/vinosa.it\/wp-content\/uploads\/2021\/07\/VINOSA-Uberti-1920x1080.png 1920w, https:\/\/vinosa.it\/wp-content\/uploads\/2021\/07\/VINOSA-Uberti-711x400.png 711w, https:\/\/vinosa.it\/wp-content\/uploads\/2021\/07\/VINOSA-Uberti-850x478.png 850w\" sizes=\"(max-width: 600px) 100vw, 600px\" \/><figcaption>Francesco Maria Malvolti (1725-1807), nel vol. VIII del Giornale d\u2019Italia del 1772 cita il Prosecco riferendosi al Conegliano Valdobbiadene<\/figcaption><\/figure><\/div>\n\n\n\n<p><strong>D.: Visto che lo hai citato, arriviamo al tuo capolavoro: da dove nasce il nome 47\/87?<\/strong><\/p>\n\n\n\n<p><strong>R.<\/strong>: Il nome \u00e8 un po\u2019 particolare, ora ti racconto la sua storia. <br>Un giorno dico a mio padre: adesso che si pu\u00f2 mettere la specifica in etichetta (cio\u00e8 indicare da quale vigneto proviene l\u2019uva, tipo Rive di Vidor, \u00e8 un DOCG a tutti gli effetti ma con la specifica Rive di Vidor, quindi \u00e8 un DOCG delle Rive di Vidor, e va denunciato prima della vendemmia da quale appezzamento tu vuoi ricavare l\u2019uva per fare quella determinata bottiglia) io voglio fare una bottiglia. Lui mi fa: va bene, facciamo un Rive di Vidor.<\/p>\n\n\n\n<p>Potevamo fare anche un Rive di Colbertaldo, per\u00f2 mi sono detto che sarebbe stato meglio produrre un Rive di Vidor perch\u00e9 l\u2019azienda si chiama Castello di Vidor. Fatta questa scelta tecnica, mio padre prosegue: bisogna dare un nome alla bottiglia. Allora, pensa, pensa, pensa, a nessuno dei due veniva in mente niente. Una sera ci mettiamo al tavolo per assaggiare dalle autoclavi dei vini che erano pronti per l\u2019imbottigliamento, dovevamo fare gli ultimi assaggi e gli ultimi eventuali ritocchi se fosse mancato qualcosa, e tra un assaggio e l\u2019altro (pi\u00f9 assaggi che meno a onor del vero) a un certo punto eravamo un po\u2019 allegri e a quel punto ecco l\u2019illuminazione: \u201cPap\u00e0, che ne dici di 47\/87??\u201d.<br>Lui mi guarda e mi fa: ma che nome \u00e8 questo? Che senso ha?<br>E io: \u00e8 il tuo anno di nascita e il mio. Sono quarant\u2019anni di differenza, 8 \u00e8 multiplo di 4, il 7 viene ripetuto due volte e si spera che un domani, visto che son quarant\u2019anni di differenza, si possa essere non pi\u00f9 l\u2019anno di nascita, ma l\u2019et\u00e0 mia e l\u2019et\u00e0 sua.<br>Vedi cosa fanno 4-5 bicchieri di vino?<\/p>\n\n\n\n<div class=\"wp-block-image\"><figure class=\"aligncenter size-large is-resized\"><img loading=\"lazy\" decoding=\"async\" src=\"https:\/\/vinosa.it\/wp-content\/uploads\/2021\/07\/Castello-di-Berton-768x1024.jpg\" alt=\"\" class=\"wp-image-2802\" width=\"384\" height=\"512\" srcset=\"https:\/\/vinosa.it\/wp-content\/uploads\/2021\/07\/Castello-di-Berton-768x1024.jpg 768w, https:\/\/vinosa.it\/wp-content\/uploads\/2021\/07\/Castello-di-Berton-225x300.jpg 225w, https:\/\/vinosa.it\/wp-content\/uploads\/2021\/07\/Castello-di-Berton-500x667.jpg 500w, https:\/\/vinosa.it\/wp-content\/uploads\/2021\/07\/Castello-di-Berton-800x1067.jpg 800w, https:\/\/vinosa.it\/wp-content\/uploads\/2021\/07\/Castello-di-Berton-600x800.jpg 600w, https:\/\/vinosa.it\/wp-content\/uploads\/2021\/07\/Castello-di-Berton-300x400.jpg 300w, https:\/\/vinosa.it\/wp-content\/uploads\/2021\/07\/Castello-di-Berton-850x1133.jpg 850w, https:\/\/vinosa.it\/wp-content\/uploads\/2021\/07\/Castello-di-Berton.jpg 960w\" sizes=\"(max-width: 384px) 100vw, 384px\" \/><\/figure><\/div>\n\n\n\n<p><strong>D.: Grandissimi! Veramente un\u2019ottima idea. Passiamo in cantina adesso? Mi fai fare un giro?<\/strong><\/p>\n\n\n\n<p><strong>R.<\/strong>: Partiamo dal conferimento uve. Noi facciamo la raccolta solo ed esclusivamente manuale.<\/p>\n\n\n\n<p><strong>D.: Quanti siete?<\/strong><\/p>\n\n\n\n<p><strong>R.<\/strong>: All\u2019incirca 10-15 persone durante la vendemmia.<\/p>\n\n\n\n<p><strong>D.: Ma li trovate gli operai che sappiano fare il lavoro?<\/strong><\/p>\n\n\n\n<p><strong>R.<\/strong>: S\u00ec. Vengono messi in regola per quel periodo. In azienda, fissi, siamo io, mia madre, mio padre, un\u2019impiegata e due dipendenti: sei in totale. Nel periodo della vendemmia diventiamo una quindicina.<\/p>\n\n\n\n<p>Dicevo: conferimento uve. Facciamo la raccolta manuale. Portiamo l\u2019uva in cantina con dei carri vendemmia in acciaio, refrigerati, con una coclea interna, una vite senza fine. Praticamente sono conici come carri. Arriviamo in cantina, attacchiamo un tubo alla parte posteriore del carro, che termina con una pompa che si attiva col trattore. Mediante la vite senza fine spingiamo l\u2019uva nella pompa e nella pressa. Non facciamo diraspatura.<\/p>\n\n\n\n<div class=\"wp-block-image\"><figure class=\"aligncenter size-large is-resized\"><img loading=\"lazy\" decoding=\"async\" src=\"https:\/\/vinosa.it\/wp-content\/uploads\/2021\/07\/grafica-VINOSA-12-1024x1024.png\" alt=\"\" class=\"wp-image-2763\" width=\"185\" height=\"185\" srcset=\"https:\/\/vinosa.it\/wp-content\/uploads\/2021\/07\/grafica-VINOSA-12-1024x1024.png 1024w, https:\/\/vinosa.it\/wp-content\/uploads\/2021\/07\/grafica-VINOSA-12-300x300.png 300w, https:\/\/vinosa.it\/wp-content\/uploads\/2021\/07\/grafica-VINOSA-12-150x150.png 150w, https:\/\/vinosa.it\/wp-content\/uploads\/2021\/07\/grafica-VINOSA-12-768x768.png 768w, https:\/\/vinosa.it\/wp-content\/uploads\/2021\/07\/grafica-VINOSA-12-1536x1536.png 1536w, https:\/\/vinosa.it\/wp-content\/uploads\/2021\/07\/grafica-VINOSA-12-500x500.png 500w, https:\/\/vinosa.it\/wp-content\/uploads\/2021\/07\/grafica-VINOSA-12-800x800.png 800w, https:\/\/vinosa.it\/wp-content\/uploads\/2021\/07\/grafica-VINOSA-12-1280x1280.png 1280w, https:\/\/vinosa.it\/wp-content\/uploads\/2021\/07\/grafica-VINOSA-12-400x400.png 400w, https:\/\/vinosa.it\/wp-content\/uploads\/2021\/07\/grafica-VINOSA-12-850x850.png 850w, https:\/\/vinosa.it\/wp-content\/uploads\/2021\/07\/grafica-VINOSA-12.png 1600w\" sizes=\"(max-width: 185px) 100vw, 185px\" \/><\/figure><\/div>\n\n\n\n<p><strong>D.: Infatti questo volevo chiedere, raspi s\u00ec o no?<\/strong><\/p>\n\n\n\n<p><strong>R.<\/strong>: No, non li togliamo quindi niente diraspatura perch\u00e9 quella parte di tannino che viene estratta dal raspo, nel mondo prosecco o comunque nella nostra realt\u00e0, va pi\u00f9 che bene. Non \u00e8 un tannino troppo duro, ci va bene. In pi\u00f9, il raspo all\u2019interno della pressa crea anche una sorta di drenaggio perch\u00e9 mi facilita nella pressatura. Cosa che se rimuovessi il raspo, mi ritroverei con un mosto composto solo da buccia, polpa e vinacciolo. Dal momento che la pressa \u00e8 cilindrica, dove su un lato c\u2019\u00e8 una tela che si gonfia, schiacciando l\u2019uva senza raspo c\u2019\u00e8 il rischio che all\u2019interno della grossa massa rimangano chicchi non schiacciati. Per evitare tutto ci\u00f2, il raspo aiuta perch\u00e9 drena. In pi\u00f9, se per caso togliessi il raspo, dovrei aumentare il ciclo di pressatura e le atmosfere e tutto questo non va bene. Noi facciamo cicli brevi con pressature soffici e temperature basse. <br>E scartiamo la vinaccia quasi ancora bagnata.<br>Con questo primo passaggio otteniamo il primo mosto, lo passiamo per uno scambiatore termico cos\u00ec da abbattere ulteriormente la temperatura per evitare possibili inizi di fermentazione ancor prima di poter lavorare il mosto. Lo portiamo a 16 gradi anche 15, in giornata rimane a quella temperatura e facciamo la prima scrematura. Con un flottatore e dell\u2019azoto andiamo a raggruppare tutte le macroparticelle del mosto, quelle che nella prima fermentazione non ci interessano, e le spingiamo verso l\u2019alto. Quindi la funzione dell\u2019azoto con l\u2019aiuto di un enzima pectolitico ci permette di fare prima una decantazione statica che \u00e8 seguita dalla flottazione, cio\u00e8 andiamo ad estrarre il mosto, si mescola in una campana con azoto e lo spingiamo all\u2019interno di tutta la vasca.<\/p>\n\n\n\n<p><strong>D.: Posso chiederti in dettaglio della funzione dell\u2019azoto?<\/strong><\/p>\n\n\n\n<p><strong>R.<\/strong>: Ok, la funzione dell\u2019azoto. <br>Fai conto che le particelle si siano gi\u00e0 agglomerate grazie all\u2019enzima pectolitico; quindi, che io vada a rimescolare l\u2019intera massa, anche se l\u2019enzima ha concluso la sua azione di far sedimentare tutta quella che si pu\u00f2 definire \u201cla parte sporca\u201d, non \u00e8 un problema perch\u00e9 le particelle si sono gi\u00e0 aggregate. Faccio quindi passare il mosto per questo macchinario, la candela con dentro azoto, che si mescola con l\u2019azoto medesimo che, come tutti i gas, tende verso l\u2019alto portando con s\u00e9 le particelle e andando a formare un cappello. In questo modo dopo qualche ora \u00e8 possibile avere un liquido praticamente limpido che si pu\u00f2 trasferire in un altro vaso vinario fino a quando, tramite una specola (un piccolo tubicino in vetro) non vedo che il cappello si \u00e8 abbassato del tutto e quindi il residuo \u00e8 scarto che non viene passato nel nuovo vaso vinario.<\/p>\n\n\n\n<p>Al liquido, nel nuovo vaso vinario, viene addizionato il <em>pied de cuve<\/em> \u2013 lievito selezionato reidratato e moltiplicato che ha gi\u00e0 iniziato la sua azione con la piccola porzione di mosto che \u00e8 stata aggiunta \u2013 e l\u00ec inizia la fermentazione. Fermentazione che avviene a temperatura controllata: non certo i 15 gradi iniziali visto che la temperatura ovviamente inizia a salire. Attendiamo che la temperatura salga ancora, diciamo fino a circa 18\/19, massimo 20 gradi cos\u00ec da permettere un buon avvio della fermentazione. Il processo dura circa una settimana, sempre che si alimenti in modo corretto il lievito. Si fanno ovviamente dei controlli a livello di APA<em> (Azoto Prontamente Assimilabile<\/em>) per verificare se manca qualche cosa, come per esempio sostanze azotate, sostanze ammoniacali o membrane cellulari o, comunque, alimento in generale per il lievito, nel nostro piccolo laboratorio che ho fatto attrezzare per questo.<\/p>\n\n\n\n<p>Le analisi ci servono per i parametri di base, tipo acidit\u00e0, pH, alcol, zuccheri e anche solforosa. Ecco, per quel che riguarda la solforosa gi\u00e0 nel mosto, prima di fare tutto il lavoro con l\u2019enzima, ne usiamo una piccola parte. Certo, molto dipende dall\u2019annata e dalla sanit\u00e0 delle uve ma, diciamo, la media \u00e8 circa 7 grammi per ettolitro.<\/p>\n\n\n\n<div class=\"wp-block-image\"><figure class=\"aligncenter size-large is-resized\"><img loading=\"lazy\" decoding=\"async\" src=\"https:\/\/vinosa.it\/wp-content\/uploads\/2021\/07\/grafica-VINOSA-8-1024x1024.png\" alt=\"\" class=\"wp-image-2765\" width=\"185\" height=\"185\" srcset=\"https:\/\/vinosa.it\/wp-content\/uploads\/2021\/07\/grafica-VINOSA-8-1024x1024.png 1024w, https:\/\/vinosa.it\/wp-content\/uploads\/2021\/07\/grafica-VINOSA-8-300x300.png 300w, https:\/\/vinosa.it\/wp-content\/uploads\/2021\/07\/grafica-VINOSA-8-150x150.png 150w, https:\/\/vinosa.it\/wp-content\/uploads\/2021\/07\/grafica-VINOSA-8-768x768.png 768w, https:\/\/vinosa.it\/wp-content\/uploads\/2021\/07\/grafica-VINOSA-8-1536x1536.png 1536w, https:\/\/vinosa.it\/wp-content\/uploads\/2021\/07\/grafica-VINOSA-8-500x500.png 500w, https:\/\/vinosa.it\/wp-content\/uploads\/2021\/07\/grafica-VINOSA-8-800x800.png 800w, https:\/\/vinosa.it\/wp-content\/uploads\/2021\/07\/grafica-VINOSA-8-1280x1280.png 1280w, https:\/\/vinosa.it\/wp-content\/uploads\/2021\/07\/grafica-VINOSA-8-400x400.png 400w, https:\/\/vinosa.it\/wp-content\/uploads\/2021\/07\/grafica-VINOSA-8-850x850.png 850w, https:\/\/vinosa.it\/wp-content\/uploads\/2021\/07\/grafica-VINOSA-8.png 1600w\" sizes=\"(max-width: 185px) 100vw, 185px\" \/><\/figure><\/div>\n\n\n\n<p>Una nota: perch\u00e9 usiamo lieviti selezionati e non indigeni? Perch\u00e9 non ci piacciono e non sono propriamente sinonimo di territorialit\u00e0. Rifacendoci anche al dettato del professor Moio, i lieviti sono lieviti, sono organismi unicellulari appartenenti alla categoria dei funghi, e fanno il loro lavoro. Con tutti i problemi che possono comportare gli indigeni non \u00e8 il caso di mettere a rischio per una scelta del genere la produzione.<\/p>\n\n\n\n<p>Una volta che abbiamo raggiunto questa fase, riabbassiamo la temperatura a 17\u00b0, a volte anche sotto i 15\u00b0. A questo punto operiamo il primo travaso, attendiamo un po\u2019 che si sedimenti, in caso sia necessario e che vi sia ancora qualche residuo e pure che la carbonica si dissolva completamente &#8211; anche perch\u00e9 se vado ad aggiungere solforosa e la fermentazione non \u00e8 conclusa pu\u00f2 succedere che una parte venga \u201cmangiata\u201d e che mi ritrovi che non ci sia tutto quello che avevo aggiunto. Anche se, ripeto, sono quasi quantitativi \u201comeopatici\u201d.<\/p>\n\n\n\n<p>Per dire, quando travaso nel momento in cui sono sicuro che la fermentazione sia finita, vado con 2 grammi per ettolitro; non ne faccio tanti e comunque assaggio ogni giorno per valutare come stia andando tutto il processo. Se inizia ad andare un poco in riduzione effettuo un altro travaso, in caso contrario evito.<\/p>\n\n\n\n<p>Faccio un po\u2019 di <em>batonnage<\/em> con la feccia fine residua, due o tre travasi, e nel mese di febbraio faccio le filtrazioni con filtro per alluvionaggio o altro a seconda della tipologia.<\/p>\n\n\n\n<div class=\"wp-block-image\"><figure class=\"aligncenter size-large is-resized\"><img loading=\"lazy\" decoding=\"async\" src=\"https:\/\/vinosa.it\/wp-content\/uploads\/2021\/07\/grafica-VINOSA-7-1024x1024.png\" alt=\"\" class=\"wp-image-2767\" width=\"185\" height=\"185\" srcset=\"https:\/\/vinosa.it\/wp-content\/uploads\/2021\/07\/grafica-VINOSA-7-1024x1024.png 1024w, https:\/\/vinosa.it\/wp-content\/uploads\/2021\/07\/grafica-VINOSA-7-300x300.png 300w, https:\/\/vinosa.it\/wp-content\/uploads\/2021\/07\/grafica-VINOSA-7-150x150.png 150w, https:\/\/vinosa.it\/wp-content\/uploads\/2021\/07\/grafica-VINOSA-7-768x768.png 768w, https:\/\/vinosa.it\/wp-content\/uploads\/2021\/07\/grafica-VINOSA-7-1536x1536.png 1536w, https:\/\/vinosa.it\/wp-content\/uploads\/2021\/07\/grafica-VINOSA-7-500x500.png 500w, https:\/\/vinosa.it\/wp-content\/uploads\/2021\/07\/grafica-VINOSA-7-800x800.png 800w, https:\/\/vinosa.it\/wp-content\/uploads\/2021\/07\/grafica-VINOSA-7-1280x1280.png 1280w, https:\/\/vinosa.it\/wp-content\/uploads\/2021\/07\/grafica-VINOSA-7-400x400.png 400w, https:\/\/vinosa.it\/wp-content\/uploads\/2021\/07\/grafica-VINOSA-7-850x850.png 850w, https:\/\/vinosa.it\/wp-content\/uploads\/2021\/07\/grafica-VINOSA-7.png 1600w\" sizes=\"(max-width: 185px) 100vw, 185px\" \/><\/figure><\/div>\n\n\n\n<p>Arriviamo cos\u00ec ad avere la base, con zero zuccheri residui, quindi completamente secca, filtrata, quasi sterile (ci interessa in questo momento l\u2019indice di limpidezza). Facciamo, per\u00f2, attenzione alla stabilit\u00e0 proteica; tra il secondo e il terzo travaso facciamo infatti un po\u2019 di bentonite non tanto per togliere eventuali sentori ma per rimuovere tutte le proteine facilmente ossidabili ancora presenti. Se riusciamo con poca bentonite ad avere un prodotto ripulito dalle proteine bene, altrimenti ci pensiamo dopo, a prodotto filtrato.<\/p>\n\n\n\n<p>In realt\u00e0, per essere precisi, poich\u00e8 usiamo la bentonite farmaceutica noi abbiamo sempre un prodotto stabile: facciamo le analisi della stabilit\u00e0 proteica prima di aggiungerla cos\u00ec siamo sicuri di non andare a toccare parametri inutilmente e quella tartarica la gestiamo dopo in autoclave.<\/p>\n\n\n\n<p>La base, pulita, filtrata, secca viene spostata in autoclave dove, pi\u00f9 o meno, subisce lo stesso processo.<\/p>\n\n\n\n<p>Mi preparo il nuovo <em>pied de cuve<\/em>, ovviamente con i soliti calcoli dell\u2019innalzamento dei gradi alcolici per il numero di grammi zucchero e si addiziona alla base che parte generalmente dai 9.5\/10.5\u00b0.<\/p>\n\n\n\n<p>Calcolo quindi cosa serve per innalzare i gradi alcolici, per le 4\/5 atmosfere che mi servono e, pure, per il residuo zuccherino.<\/p>\n\n\n\n<p>Arrivati ai parametri desiderati, blocco il vino a -4\u00b0 e a differenza della prima fermentazione faccio in modo che l\u2019anidride carbonica venga trattenuta in autoclave minimo 60 giorni per il mondo dei DOC e 90 giorni per le DOCG.<\/p>\n\n\n\n<p>Questo perch\u00e9 si sa che pi\u00f9 rimane a contatto con i lieviti, pi\u00f9 il vino diventa complesso ed acquista in longevit\u00e0.<\/p>\n\n\n\n<div class=\"wp-block-image\"><figure class=\"aligncenter size-large is-resized\"><img loading=\"lazy\" decoding=\"async\" src=\"https:\/\/vinosa.it\/wp-content\/uploads\/2021\/07\/grafica-VINOSA-10-1024x1024.png\" alt=\"\" class=\"wp-image-2769\" width=\"185\" height=\"185\" srcset=\"https:\/\/vinosa.it\/wp-content\/uploads\/2021\/07\/grafica-VINOSA-10-1024x1024.png 1024w, https:\/\/vinosa.it\/wp-content\/uploads\/2021\/07\/grafica-VINOSA-10-300x300.png 300w, https:\/\/vinosa.it\/wp-content\/uploads\/2021\/07\/grafica-VINOSA-10-150x150.png 150w, https:\/\/vinosa.it\/wp-content\/uploads\/2021\/07\/grafica-VINOSA-10-768x768.png 768w, https:\/\/vinosa.it\/wp-content\/uploads\/2021\/07\/grafica-VINOSA-10-1536x1536.png 1536w, https:\/\/vinosa.it\/wp-content\/uploads\/2021\/07\/grafica-VINOSA-10-500x500.png 500w, https:\/\/vinosa.it\/wp-content\/uploads\/2021\/07\/grafica-VINOSA-10-800x800.png 800w, https:\/\/vinosa.it\/wp-content\/uploads\/2021\/07\/grafica-VINOSA-10-1280x1280.png 1280w, https:\/\/vinosa.it\/wp-content\/uploads\/2021\/07\/grafica-VINOSA-10-400x400.png 400w, https:\/\/vinosa.it\/wp-content\/uploads\/2021\/07\/grafica-VINOSA-10-850x850.png 850w, https:\/\/vinosa.it\/wp-content\/uploads\/2021\/07\/grafica-VINOSA-10.png 1600w\" sizes=\"(max-width: 185px) 100vw, 185px\" \/><\/figure><\/div>\n\n\n\n<p>Dicono che il prosecco duri circa un anno: \u00e8 cos\u00ec, vuoi perch\u00e9 \u00e8 un prodotto veloce, vuoi perch\u00e9 le lavorazioni sono brevi, vuoi anche perch\u00e9 \u00e8 un prodotto facile, snello, beverino, accattivante ma alla fine non \u00e8 sbagliato. <br>Tuttavia, mi sono detto: perch\u00e9 non provare a fare qualche cosa di diverso?<\/p>\n\n\n\n<p>Tanto che il 47\/87 che ha preso tutti questi premi \u00e8 un lotto del 2019: gi\u00e0 da disciplinare, quelli che vengono classificati \u201cRive\u201d non possono essere spumantizzati prima del primo gennaio successivo alla vendemmia e non lo puoi imbottigliare prima del primo marzo successivo alla vendemmia.<\/p>\n\n\n\n<p>Per\u00f2, come vedi, avresti 60 giorni ma noi ne facciamo 90.<\/p>\n\n\n\n<p>Questo che ha vinto \u00e8 vendemmia 2019 ma caricato in autoclave a dicembre 2020; sei mesi di autoclave e poi imbottigliato.<\/p>\n\n\n\n<p><strong>D.: Come sei arrivato a pensarla in questo modo?<\/strong><\/p>\n\n\n\n<p><strong>R.: <\/strong>La situazione dell\u2019azienda mi ha portato a poter pensare di fare una cosa del genere. <br>Per quale motivo: noi qui non abbiamo problemi n\u00e9 di spazi n\u00e9 di attrezzature perch\u00e9 siamo leggermente sovradimensionati. Se mi viene in mente di sperimentare qualche cosa di nuovo non mi trovo nella condizione di dover scegliere se fare il processo normale o i miei esperimenti. Ci possiamo permettere di fare sperimentazione di vario tipo e questo \u00e8 un elemento davvero unico per poter cambiare e trovare vie nuove e magari qualitativamente eccellenti.<\/p>\n\n\n\n<p>Quell\u2019anno &#8211; il 2019 &#8211; quella collina aveva dato un prodotto eccezionale, ho pensato che si sarebbe potuto provare a fare qualche cosa di diverso e qualitativamente superiore; mal che andasse si poteva comunque commercializzare con gli standard di prima, che comunque erano stati raggiunti. In questo modo, invece, avendoli superati si trattava solo di capire se il risultato fosse all\u2019altezza delle nostre aspettative oppure si fosse dimostrato \u201csolo\u201d un prodotto buono.<\/p>\n\n\n\n<p>Anche a livello di spumantizzazione, poi, se devo lasciar l\u00ec un prodotto tre mesi, sei mesi, non mi crea nessun problema perch\u00e9 l\u2019azienda cos\u00ec come \u00e8 ora mi consente di scegliere e quindi di sperimentare.<\/p>\n\n\n\n<p><strong>D. Il premio quindi non nasce per caso<\/strong>.<\/p>\n\n\n\n<p><strong>R.<\/strong>: No, non \u00e8 un caso, ci sono molti elementi dietro, oltre anche al fattore tempo, che non va sottovalutato, che ci hanno consentito di arrivare a questo punto. \u00c8 tutto pensato, e posso dire con certezza che il 60% del premio lo ha fatto il territorio, la collina, il suolo e i vigneti che abbiamo l\u00ec; tutto il resto \u00e8 il nostro lavoro.<\/p>\n\n\n\n<p>Per\u00f2 c\u2019\u00e8 da dire che fin da subito si erano sentiti dei profumi pazzeschi dal lotto che veniva da l\u00ec e il materiale c\u2019era tutto per fare un ottimo prodotto. Si poteva solo, come si \u00e8 soliti dire, rovinare una cosa gi\u00e0 di suo stupenda.<\/p>\n\n\n\n<p>Ho quindi le mie schede per i vigneti, per i vari appezzamenti che abbiamo in giro, per le vasche e la provenienza di ciascuna parcella e percentuali.<\/p>\n\n\n\n<div class=\"wp-block-image\"><figure class=\"aligncenter size-large is-resized\"><img loading=\"lazy\" decoding=\"async\" src=\"https:\/\/vinosa.it\/wp-content\/uploads\/2021\/07\/grafica-VINOSA-5-1024x1024.png\" alt=\"\" class=\"wp-image-2771\" width=\"185\" height=\"185\" srcset=\"https:\/\/vinosa.it\/wp-content\/uploads\/2021\/07\/grafica-VINOSA-5-1024x1024.png 1024w, https:\/\/vinosa.it\/wp-content\/uploads\/2021\/07\/grafica-VINOSA-5-300x300.png 300w, https:\/\/vinosa.it\/wp-content\/uploads\/2021\/07\/grafica-VINOSA-5-150x150.png 150w, https:\/\/vinosa.it\/wp-content\/uploads\/2021\/07\/grafica-VINOSA-5-768x768.png 768w, https:\/\/vinosa.it\/wp-content\/uploads\/2021\/07\/grafica-VINOSA-5-1536x1536.png 1536w, https:\/\/vinosa.it\/wp-content\/uploads\/2021\/07\/grafica-VINOSA-5-500x500.png 500w, https:\/\/vinosa.it\/wp-content\/uploads\/2021\/07\/grafica-VINOSA-5-800x800.png 800w, https:\/\/vinosa.it\/wp-content\/uploads\/2021\/07\/grafica-VINOSA-5-1280x1280.png 1280w, https:\/\/vinosa.it\/wp-content\/uploads\/2021\/07\/grafica-VINOSA-5-400x400.png 400w, https:\/\/vinosa.it\/wp-content\/uploads\/2021\/07\/grafica-VINOSA-5-850x850.png 850w, https:\/\/vinosa.it\/wp-content\/uploads\/2021\/07\/grafica-VINOSA-5.png 1600w\" sizes=\"(max-width: 185px) 100vw, 185px\" \/><\/figure><\/div>\n\n\n\n<p><strong>D.: &nbsp;In vigna che trattamenti fate?<\/strong><\/p>\n\n\n\n<p><strong>R.<\/strong>: Beh, ogni anno c\u2019\u00e8 qualche problema a cui far fronte. Siamo fortunati perch\u00e9 i migliori vigneti sono su queste colline con quella pendenza vertiginose da vitigno eroico. Questo aiuta a non avere ristagni, sono sempre ventilate e anche questo aiuta.<\/p>\n\n\n\n<p>Quest\u2019anno tutto sommato sta andando bene, ha fatto un giugno molto caldo che ci ha risparmiato qualche trattamento. Vediamo ora come va a luglio e bene o male agosto pi\u00f9 o meno sei salvo.<\/p>\n\n\n\n<p>Anche il numero dei trattamenti varia, in collina si riesce sempre a farne meno rispetto alla pianura per le motivazioni che ho detto prima.<\/p>\n\n\n\n<p>Per dire, in zona Col San Martino, poco dopo la ripresa vegetativa c\u2019\u00e8 stata la grandine e l\u00ec \u00e8 chiaro che i trattamenti aumentano. La grandinata della scorsa settimana \u00e8 stata anche peggio perch\u00e9 vanno curate le ferite alla pianta.<\/p>\n\n\n\n<p>A livello di concimazione facciamo poca concimazione organica, poca a terra ogni due o tre anni, no sovescio; tutto il resto viene fatto a livello fogliare (per la quale abbiamo anche ricevuto qualche riconoscimento).<\/p>\n\n\n\n<p><strong>D. Vittorio, che dire, dopo questa spiegazione impeccabile apriamo e assaggiamo assieme?<\/strong><\/p>\n\n\n\n<p>R. Certo, assaggiamo. <\/p>\n\n\n\n<p>Abbiamo degustato. E tutta la narrazione di Vittorio, come per un sortilegio enologico, si \u00e8 trasformata in collana perlacea di profumi, aromi e flavour impreziosita da una trina cremosissima di meravigliose e sottilissime ma persistenti bollicine.<\/p>\n\n\n\n<p>Un gioiello, appunto.<\/p>\n\n\n\n<figure class=\"wp-block-image size-large\"><img loading=\"lazy\" decoding=\"async\" width=\"953\" height=\"343\" src=\"https:\/\/vinosa.it\/wp-content\/uploads\/2021\/07\/C.-Gerolimetto-Le-colline-di-Valdobbiadene.jpg\" alt=\"\" class=\"wp-image-2774\" srcset=\"https:\/\/vinosa.it\/wp-content\/uploads\/2021\/07\/C.-Gerolimetto-Le-colline-di-Valdobbiadene.jpg 953w, https:\/\/vinosa.it\/wp-content\/uploads\/2021\/07\/C.-Gerolimetto-Le-colline-di-Valdobbiadene-300x108.jpg 300w, https:\/\/vinosa.it\/wp-content\/uploads\/2021\/07\/C.-Gerolimetto-Le-colline-di-Valdobbiadene-768x276.jpg 768w, https:\/\/vinosa.it\/wp-content\/uploads\/2021\/07\/C.-Gerolimetto-Le-colline-di-Valdobbiadene-500x180.jpg 500w, https:\/\/vinosa.it\/wp-content\/uploads\/2021\/07\/C.-Gerolimetto-Le-colline-di-Valdobbiadene-800x288.jpg 800w, https:\/\/vinosa.it\/wp-content\/uploads\/2021\/07\/C.-Gerolimetto-Le-colline-di-Valdobbiadene-850x306.jpg 850w\" sizes=\"(max-width: 953px) 100vw, 953px\" \/><figcaption>Courtesy C. Gerolimetto<\/figcaption><\/figure>\n\n\n\n<div class=\"wp-block-image\"><figure class=\"aligncenter size-large is-resized\"><img loading=\"lazy\" decoding=\"async\" src=\"https:\/\/vinosa.it\/wp-content\/uploads\/2021\/07\/grafica-VINOSA-4-1024x1024.png\" alt=\"\" class=\"wp-image-2707\" width=\"185\" height=\"185\" srcset=\"https:\/\/vinosa.it\/wp-content\/uploads\/2021\/07\/grafica-VINOSA-4-1024x1024.png 1024w, https:\/\/vinosa.it\/wp-content\/uploads\/2021\/07\/grafica-VINOSA-4-300x300.png 300w, https:\/\/vinosa.it\/wp-content\/uploads\/2021\/07\/grafica-VINOSA-4-150x150.png 150w, https:\/\/vinosa.it\/wp-content\/uploads\/2021\/07\/grafica-VINOSA-4-768x768.png 768w, https:\/\/vinosa.it\/wp-content\/uploads\/2021\/07\/grafica-VINOSA-4-1536x1536.png 1536w, https:\/\/vinosa.it\/wp-content\/uploads\/2021\/07\/grafica-VINOSA-4-500x500.png 500w, https:\/\/vinosa.it\/wp-content\/uploads\/2021\/07\/grafica-VINOSA-4-800x800.png 800w, https:\/\/vinosa.it\/wp-content\/uploads\/2021\/07\/grafica-VINOSA-4-1280x1280.png 1280w, https:\/\/vinosa.it\/wp-content\/uploads\/2021\/07\/grafica-VINOSA-4-400x400.png 400w, https:\/\/vinosa.it\/wp-content\/uploads\/2021\/07\/grafica-VINOSA-4-850x850.png 850w, https:\/\/vinosa.it\/wp-content\/uploads\/2021\/07\/grafica-VINOSA-4.png 1600w\" sizes=\"(max-width: 185px) 100vw, 185px\" \/><\/figure><\/div>\n","protected":false},"excerpt":{"rendered":"<p><span class=\"span-reading-time rt-reading-time\" style=\"display: block;\"><span class=\"rt-label rt-prefix\">Tempo di lettura: <\/span> <span class=\"rt-time\"> 18<\/span> <span class=\"rt-label rt-postfix\">minuti<\/span><\/span>Prosecco di Conegliano Valdobbiadene Superiore extra dry &#8220;47\/87&#8221; &#8211; Rive di Vidor 2019 &#8211; Castello di Berton C&#8217;\u00e8 nessuno? \u00e8 permesso? Fa un caldo tremendo, L&#8217;idea era quella di andare a trovare Vittorio di luned\u00ec per evitare la confusione del fine settimana e trovarlo tranquillo. Per\u00f2 tra una cosa e l&#8217;altra si accumula il ritardo&#8230;<\/p>\n","protected":false},"author":1,"featured_media":2749,"comment_status":"open","ping_status":"open","sticky":false,"template":"","format":"standard","meta":{"content-type":"","_uag_custom_page_level_css":"","jetpack_post_was_ever_published":false,"_jetpack_newsletter_access":"","_jetpack_dont_email_post_to_subs":false,"_jetpack_newsletter_tier_id":0,"_jetpack_memberships_contains_paywalled_content":false,"_jetpack_memberships_contains_paid_content":false,"footnotes":""},"categories":[218],"tags":[330,332,334,336,333,335,326,328,329,331],"class_list":["post-2733","post","type-post","status-publish","format-standard","has-post-thumbnail","hentry","category-articoli-vinosi","tag-castellodiberton","tag-conegliano","tag-decanter","tag-decanterwineworldawards","tag-docg","tag-dwwa","tag-prosecco","tag-rive","tag-rivedividor","tag-valdobbiadene"],"yoast_head":"<!-- This site is optimized with the Yoast SEO plugin v23.6 - https:\/\/yoast.com\/wordpress\/plugins\/seo\/ -->\n<title>La genesi di un gioiello - VinOsa<\/title>\n<meta name=\"robots\" content=\"index, follow, max-snippet:-1, max-image-preview:large, max-video-preview:-1\" \/>\n<link rel=\"canonical\" href=\"https:\/\/vinosa.it\/en\/la-genesi-di-un-gioiello\/\" \/>\n<meta property=\"og:locale\" content=\"en_US\" \/>\n<meta property=\"og:type\" content=\"article\" \/>\n<meta property=\"og:title\" content=\"La genesi di un gioiello - VinOsa\" \/>\n<meta property=\"og:description\" content=\"Tempo di lettura:  18 minutiProsecco di Conegliano Valdobbiadene Superiore extra dry &#8220;47\/87&#8221; &#8211; Rive di Vidor 2019 &#8211; Castello di Berton C&#8217;\u00e8 nessuno? \u00e8 permesso? Fa un caldo tremendo, L&#8217;idea era quella di andare a trovare Vittorio di luned\u00ec per evitare la confusione del fine settimana e trovarlo tranquillo. Per\u00f2 tra una cosa e l&#8217;altra si accumula il ritardo...\" \/>\n<meta property=\"og:url\" content=\"https:\/\/vinosa.it\/en\/la-genesi-di-un-gioiello\/\" \/>\n<meta property=\"og:site_name\" content=\"VinOsa\" \/>\n<meta property=\"article:publisher\" content=\"https:\/\/www.facebook.com\/leviamoicalici\/?modal=admin_todo_tour\" \/>\n<meta property=\"article:author\" content=\"https:\/\/www.facebook.com\/leviamoicalici\/?modal=admin_todo_tour\" \/>\n<meta property=\"article:published_time\" content=\"2021-07-16T18:04:58+00:00\" \/>\n<meta property=\"article:modified_time\" content=\"2021-07-17T10:28:26+00:00\" \/>\n<meta property=\"og:image\" content=\"https:\/\/vinosa.it\/wp-content\/uploads\/2021\/07\/VINOSA-La-nascita-di-un-gioiello-.png\" \/>\n\t<meta property=\"og:image:width\" content=\"2400\" \/>\n\t<meta property=\"og:image:height\" content=\"1350\" \/>\n\t<meta property=\"og:image:type\" content=\"image\/png\" \/>\n<meta name=\"author\" content=\"vinosa\" \/>\n<meta name=\"twitter:card\" content=\"summary_large_image\" \/>\n<meta name=\"twitter:creator\" content=\"@leviamoicalici@vinosa.it\" \/>\n<meta name=\"twitter:site\" content=\"@it\" \/>\n<meta name=\"twitter:label1\" content=\"Written by\" \/>\n\t<meta name=\"twitter:data1\" content=\"vinosa\" \/>\n\t<meta name=\"twitter:label2\" content=\"Est. reading time\" \/>\n\t<meta name=\"twitter:data2\" content=\"25 minutes\" \/>\n<script type=\"application\/ld+json\" class=\"yoast-schema-graph\">{\"@context\":\"https:\/\/schema.org\",\"@graph\":[{\"@type\":\"Article\",\"@id\":\"https:\/\/vinosa.it\/en\/la-genesi-di-un-gioiello\/#article\",\"isPartOf\":{\"@id\":\"https:\/\/vinosa.it\/en\/la-genesi-di-un-gioiello\/\"},\"author\":{\"name\":\"vinosa\",\"@id\":\"https:\/\/vinosa.it\/en\/#\/schema\/person\/376eb1d13ed81492fd979224d7ecf9c3\"},\"headline\":\"La genesi di un gioiello\",\"datePublished\":\"2021-07-16T18:04:58+00:00\",\"dateModified\":\"2021-07-17T10:28:26+00:00\",\"mainEntityOfPage\":{\"@id\":\"https:\/\/vinosa.it\/en\/la-genesi-di-un-gioiello\/\"},\"wordCount\":4652,\"commentCount\":0,\"publisher\":{\"@id\":\"https:\/\/vinosa.it\/en\/#\/schema\/person\/376eb1d13ed81492fd979224d7ecf9c3\"},\"image\":{\"@id\":\"https:\/\/vinosa.it\/en\/la-genesi-di-un-gioiello\/#primaryimage\"},\"thumbnailUrl\":\"https:\/\/vinosa.it\/wp-content\/uploads\/2021\/07\/VINOSA-La-nascita-di-un-gioiello-.png\",\"keywords\":[\"castellodiberton\",\"conegliano\",\"decanter\",\"DecanterWineWorldAwards\",\"DOCG\",\"DWWA\",\"prosecco\",\"rive\",\"rivedividor\",\"valdobbiadene\"],\"articleSection\":[\"Articoli VinOsi\"],\"inLanguage\":\"en-US\",\"potentialAction\":[{\"@type\":\"CommentAction\",\"name\":\"Comment\",\"target\":[\"https:\/\/vinosa.it\/en\/la-genesi-di-un-gioiello\/#respond\"]}]},{\"@type\":\"WebPage\",\"@id\":\"https:\/\/vinosa.it\/en\/la-genesi-di-un-gioiello\/\",\"url\":\"https:\/\/vinosa.it\/en\/la-genesi-di-un-gioiello\/\",\"name\":\"La genesi di un gioiello - VinOsa\",\"isPartOf\":{\"@id\":\"https:\/\/vinosa.it\/en\/#website\"},\"primaryImageOfPage\":{\"@id\":\"https:\/\/vinosa.it\/en\/la-genesi-di-un-gioiello\/#primaryimage\"},\"image\":{\"@id\":\"https:\/\/vinosa.it\/en\/la-genesi-di-un-gioiello\/#primaryimage\"},\"thumbnailUrl\":\"https:\/\/vinosa.it\/wp-content\/uploads\/2021\/07\/VINOSA-La-nascita-di-un-gioiello-.png\",\"datePublished\":\"2021-07-16T18:04:58+00:00\",\"dateModified\":\"2021-07-17T10:28:26+00:00\",\"breadcrumb\":{\"@id\":\"https:\/\/vinosa.it\/en\/la-genesi-di-un-gioiello\/#breadcrumb\"},\"inLanguage\":\"en-US\",\"potentialAction\":[{\"@type\":\"ReadAction\",\"target\":[\"https:\/\/vinosa.it\/en\/la-genesi-di-un-gioiello\/\"]}]},{\"@type\":\"ImageObject\",\"inLanguage\":\"en-US\",\"@id\":\"https:\/\/vinosa.it\/en\/la-genesi-di-un-gioiello\/#primaryimage\",\"url\":\"https:\/\/vinosa.it\/wp-content\/uploads\/2021\/07\/VINOSA-La-nascita-di-un-gioiello-.png\",\"contentUrl\":\"https:\/\/vinosa.it\/wp-content\/uploads\/2021\/07\/VINOSA-La-nascita-di-un-gioiello-.png\",\"width\":2400,\"height\":1350},{\"@type\":\"BreadcrumbList\",\"@id\":\"https:\/\/vinosa.it\/en\/la-genesi-di-un-gioiello\/#breadcrumb\",\"itemListElement\":[{\"@type\":\"ListItem\",\"position\":1,\"name\":\"Home\",\"item\":\"https:\/\/vinosa.it\/en\/\"},{\"@type\":\"ListItem\",\"position\":2,\"name\":\"La genesi di un gioiello\"}]},{\"@type\":\"WebSite\",\"@id\":\"https:\/\/vinosa.it\/en\/#website\",\"url\":\"https:\/\/vinosa.it\/en\/\",\"name\":\"VinOsa\",\"description\":\"passeggiate temerarie tra i bicchieri\",\"publisher\":{\"@id\":\"https:\/\/vinosa.it\/en\/#\/schema\/person\/376eb1d13ed81492fd979224d7ecf9c3\"},\"potentialAction\":[{\"@type\":\"SearchAction\",\"target\":{\"@type\":\"EntryPoint\",\"urlTemplate\":\"https:\/\/vinosa.it\/en\/?s={search_term_string}\"},\"query-input\":{\"@type\":\"PropertyValueSpecification\",\"valueRequired\":true,\"valueName\":\"search_term_string\"}}],\"inLanguage\":\"en-US\"},{\"@type\":[\"Person\",\"Organization\"],\"@id\":\"https:\/\/vinosa.it\/en\/#\/schema\/person\/376eb1d13ed81492fd979224d7ecf9c3\",\"name\":\"vinosa\",\"image\":{\"@type\":\"ImageObject\",\"inLanguage\":\"en-US\",\"@id\":\"https:\/\/vinosa.it\/en\/#\/schema\/person\/image\/\",\"url\":\"https:\/\/vinosa.it\/wp-content\/uploads\/2021\/05\/cropped-cropped-VinOsa-new-trasparente-2-2.png\",\"contentUrl\":\"https:\/\/vinosa.it\/wp-content\/uploads\/2021\/05\/cropped-cropped-VinOsa-new-trasparente-2-2.png\",\"width\":697,\"height\":225,\"caption\":\"vinosa\"},\"logo\":{\"@id\":\"https:\/\/vinosa.it\/en\/#\/schema\/person\/image\/\"},\"sameAs\":[\"http:\/\/www.vinosa.it\",\"https:\/\/www.facebook.com\/leviamoicalici\/?modal=admin_todo_tour\",\"https:\/\/www.instagram.com\/vin.osa\/?hl=it\",\"https:\/\/x.com\/leviamoicalici@vinosa.it\"],\"url\":\"https:\/\/vinosa.it\/en\/author\/vinosa\/\"}]}<\/script>\n<!-- \/ Yoast SEO plugin. -->","yoast_head_json":{"title":"La genesi di un gioiello - VinOsa","robots":{"index":"index","follow":"follow","max-snippet":"max-snippet:-1","max-image-preview":"max-image-preview:large","max-video-preview":"max-video-preview:-1"},"canonical":"https:\/\/vinosa.it\/en\/la-genesi-di-un-gioiello\/","og_locale":"en_US","og_type":"article","og_title":"La genesi di un gioiello - VinOsa","og_description":"Tempo di lettura:  18 minutiProsecco di Conegliano Valdobbiadene Superiore extra dry &#8220;47\/87&#8221; &#8211; Rive di Vidor 2019 &#8211; Castello di Berton C&#8217;\u00e8 nessuno? \u00e8 permesso? Fa un caldo tremendo, L&#8217;idea era quella di andare a trovare Vittorio di luned\u00ec per evitare la confusione del fine settimana e trovarlo tranquillo. Per\u00f2 tra una cosa e l&#8217;altra si accumula il ritardo...","og_url":"https:\/\/vinosa.it\/en\/la-genesi-di-un-gioiello\/","og_site_name":"VinOsa","article_publisher":"https:\/\/www.facebook.com\/leviamoicalici\/?modal=admin_todo_tour","article_author":"https:\/\/www.facebook.com\/leviamoicalici\/?modal=admin_todo_tour","article_published_time":"2021-07-16T18:04:58+00:00","article_modified_time":"2021-07-17T10:28:26+00:00","og_image":[{"width":2400,"height":1350,"url":"https:\/\/vinosa.it\/wp-content\/uploads\/2021\/07\/VINOSA-La-nascita-di-un-gioiello-.png","type":"image\/png"}],"author":"vinosa","twitter_card":"summary_large_image","twitter_creator":"@leviamoicalici@vinosa.it","twitter_site":"@it","twitter_misc":{"Written by":"vinosa","Est. reading time":"25 minutes"},"schema":{"@context":"https:\/\/schema.org","@graph":[{"@type":"Article","@id":"https:\/\/vinosa.it\/en\/la-genesi-di-un-gioiello\/#article","isPartOf":{"@id":"https:\/\/vinosa.it\/en\/la-genesi-di-un-gioiello\/"},"author":{"name":"vinosa","@id":"https:\/\/vinosa.it\/en\/#\/schema\/person\/376eb1d13ed81492fd979224d7ecf9c3"},"headline":"La genesi di un gioiello","datePublished":"2021-07-16T18:04:58+00:00","dateModified":"2021-07-17T10:28:26+00:00","mainEntityOfPage":{"@id":"https:\/\/vinosa.it\/en\/la-genesi-di-un-gioiello\/"},"wordCount":4652,"commentCount":0,"publisher":{"@id":"https:\/\/vinosa.it\/en\/#\/schema\/person\/376eb1d13ed81492fd979224d7ecf9c3"},"image":{"@id":"https:\/\/vinosa.it\/en\/la-genesi-di-un-gioiello\/#primaryimage"},"thumbnailUrl":"https:\/\/vinosa.it\/wp-content\/uploads\/2021\/07\/VINOSA-La-nascita-di-un-gioiello-.png","keywords":["castellodiberton","conegliano","decanter","DecanterWineWorldAwards","DOCG","DWWA","prosecco","rive","rivedividor","valdobbiadene"],"articleSection":["Articoli VinOsi"],"inLanguage":"en-US","potentialAction":[{"@type":"CommentAction","name":"Comment","target":["https:\/\/vinosa.it\/en\/la-genesi-di-un-gioiello\/#respond"]}]},{"@type":"WebPage","@id":"https:\/\/vinosa.it\/en\/la-genesi-di-un-gioiello\/","url":"https:\/\/vinosa.it\/en\/la-genesi-di-un-gioiello\/","name":"La genesi di un gioiello - VinOsa","isPartOf":{"@id":"https:\/\/vinosa.it\/en\/#website"},"primaryImageOfPage":{"@id":"https:\/\/vinosa.it\/en\/la-genesi-di-un-gioiello\/#primaryimage"},"image":{"@id":"https:\/\/vinosa.it\/en\/la-genesi-di-un-gioiello\/#primaryimage"},"thumbnailUrl":"https:\/\/vinosa.it\/wp-content\/uploads\/2021\/07\/VINOSA-La-nascita-di-un-gioiello-.png","datePublished":"2021-07-16T18:04:58+00:00","dateModified":"2021-07-17T10:28:26+00:00","breadcrumb":{"@id":"https:\/\/vinosa.it\/en\/la-genesi-di-un-gioiello\/#breadcrumb"},"inLanguage":"en-US","potentialAction":[{"@type":"ReadAction","target":["https:\/\/vinosa.it\/en\/la-genesi-di-un-gioiello\/"]}]},{"@type":"ImageObject","inLanguage":"en-US","@id":"https:\/\/vinosa.it\/en\/la-genesi-di-un-gioiello\/#primaryimage","url":"https:\/\/vinosa.it\/wp-content\/uploads\/2021\/07\/VINOSA-La-nascita-di-un-gioiello-.png","contentUrl":"https:\/\/vinosa.it\/wp-content\/uploads\/2021\/07\/VINOSA-La-nascita-di-un-gioiello-.png","width":2400,"height":1350},{"@type":"BreadcrumbList","@id":"https:\/\/vinosa.it\/en\/la-genesi-di-un-gioiello\/#breadcrumb","itemListElement":[{"@type":"ListItem","position":1,"name":"Home","item":"https:\/\/vinosa.it\/en\/"},{"@type":"ListItem","position":2,"name":"La genesi di un gioiello"}]},{"@type":"WebSite","@id":"https:\/\/vinosa.it\/en\/#website","url":"https:\/\/vinosa.it\/en\/","name":"VinOsa","description":"passeggiate temerarie tra i bicchieri","publisher":{"@id":"https:\/\/vinosa.it\/en\/#\/schema\/person\/376eb1d13ed81492fd979224d7ecf9c3"},"potentialAction":[{"@type":"SearchAction","target":{"@type":"EntryPoint","urlTemplate":"https:\/\/vinosa.it\/en\/?s={search_term_string}"},"query-input":{"@type":"PropertyValueSpecification","valueRequired":true,"valueName":"search_term_string"}}],"inLanguage":"en-US"},{"@type":["Person","Organization"],"@id":"https:\/\/vinosa.it\/en\/#\/schema\/person\/376eb1d13ed81492fd979224d7ecf9c3","name":"vinosa","image":{"@type":"ImageObject","inLanguage":"en-US","@id":"https:\/\/vinosa.it\/en\/#\/schema\/person\/image\/","url":"https:\/\/vinosa.it\/wp-content\/uploads\/2021\/05\/cropped-cropped-VinOsa-new-trasparente-2-2.png","contentUrl":"https:\/\/vinosa.it\/wp-content\/uploads\/2021\/05\/cropped-cropped-VinOsa-new-trasparente-2-2.png","width":697,"height":225,"caption":"vinosa"},"logo":{"@id":"https:\/\/vinosa.it\/en\/#\/schema\/person\/image\/"},"sameAs":["http:\/\/www.vinosa.it","https:\/\/www.facebook.com\/leviamoicalici\/?modal=admin_todo_tour","https:\/\/www.instagram.com\/vin.osa\/?hl=it","https:\/\/x.com\/leviamoicalici@vinosa.it"],"url":"https:\/\/vinosa.it\/en\/author\/vinosa\/"}]}},"jetpack_sharing_enabled":true,"jetpack_featured_media_url":"https:\/\/vinosa.it\/wp-content\/uploads\/2021\/07\/VINOSA-La-nascita-di-un-gioiello-.png","uagb_featured_image_src":{"full":["https:\/\/vinosa.it\/wp-content\/uploads\/2021\/07\/VINOSA-La-nascita-di-un-gioiello-.png",2400,1350,false],"thumbnail":["https:\/\/vinosa.it\/wp-content\/uploads\/2021\/07\/VINOSA-La-nascita-di-un-gioiello--150x150.png",150,150,true],"medium":["https:\/\/vinosa.it\/wp-content\/uploads\/2021\/07\/VINOSA-La-nascita-di-un-gioiello--300x169.png",300,169,true],"medium_large":["https:\/\/vinosa.it\/wp-content\/uploads\/2021\/07\/VINOSA-La-nascita-di-un-gioiello--768x432.png",640,360,true],"large":["https:\/\/vinosa.it\/wp-content\/uploads\/2021\/07\/VINOSA-La-nascita-di-un-gioiello--1024x576.png",640,360,true],"1536x1536":["https:\/\/vinosa.it\/wp-content\/uploads\/2021\/07\/VINOSA-La-nascita-di-un-gioiello--1536x864.png",1536,864,true],"2048x2048":["https:\/\/vinosa.it\/wp-content\/uploads\/2021\/07\/VINOSA-La-nascita-di-un-gioiello--2048x1152.png",2048,1152,true],"mbt_book_image":["https:\/\/vinosa.it\/wp-content\/uploads\/2021\/07\/VINOSA-La-nascita-di-un-gioiello--800x450.png",800,450,true],"mbt_endorsement_image":["https:\/\/vinosa.it\/wp-content\/uploads\/2021\/07\/VINOSA-La-nascita-di-un-gioiello--711x400.png",711,400,true],"post-thumbnail":["https:\/\/vinosa.it\/wp-content\/uploads\/2021\/07\/VINOSA-La-nascita-di-un-gioiello--300x169.png",300,169,true],"flatmagazinews-grid":["https:\/\/vinosa.it\/wp-content\/uploads\/2021\/07\/VINOSA-La-nascita-di-un-gioiello--350x230.png",350,230,true],"flatmagazinews-slider":["https:\/\/vinosa.it\/wp-content\/uploads\/2021\/07\/VINOSA-La-nascita-di-un-gioiello--850x478.png",850,478,true],"flatmagazinews-small":["https:\/\/vinosa.it\/wp-content\/uploads\/2021\/07\/VINOSA-La-nascita-di-un-gioiello--300x180.png",300,180,true],"yarpp-thumbnail":["https:\/\/vinosa.it\/wp-content\/uploads\/2021\/07\/VINOSA-La-nascita-di-un-gioiello-.png",120,68,false],"awb_sm":["https:\/\/vinosa.it\/wp-content\/uploads\/2021\/07\/VINOSA-La-nascita-di-un-gioiello--500x281.png",500,281,true],"awb_md":["https:\/\/vinosa.it\/wp-content\/uploads\/2021\/07\/VINOSA-La-nascita-di-un-gioiello--800x450.png",800,450,true],"awb_lg":["https:\/\/vinosa.it\/wp-content\/uploads\/2021\/07\/VINOSA-La-nascita-di-un-gioiello--1280x720.png",1280,720,true],"awb_xl":["https:\/\/vinosa.it\/wp-content\/uploads\/2021\/07\/VINOSA-La-nascita-di-un-gioiello--1920x1080.png",1920,1080,true]},"uagb_author_info":{"display_name":"vinosa","author_link":"https:\/\/vinosa.it\/en\/author\/vinosa\/"},"uagb_comment_info":0,"uagb_excerpt":"Tempo di lettura: 18 minutiProsecco di Conegliano Valdobbiadene Superiore extra dry &#8220;47\/87&#8221; &#8211; Rive di Vidor 2019 &#8211; Castello di Berton C&#8217;\u00e8 nessuno? \u00e8 permesso? Fa un caldo tremendo, L&#8217;idea era quella di andare a trovare Vittorio di luned\u00ec per evitare la confusione del fine settimana e trovarlo tranquillo. Per\u00f2 tra una cosa e l&#8217;altra&hellip;","jetpack_shortlink":"https:\/\/wp.me\/pbI5Es-I5","amp_enabled":true,"_links":{"self":[{"href":"https:\/\/vinosa.it\/en\/wp-json\/wp\/v2\/posts\/2733"}],"collection":[{"href":"https:\/\/vinosa.it\/en\/wp-json\/wp\/v2\/posts"}],"about":[{"href":"https:\/\/vinosa.it\/en\/wp-json\/wp\/v2\/types\/post"}],"author":[{"embeddable":true,"href":"https:\/\/vinosa.it\/en\/wp-json\/wp\/v2\/users\/1"}],"replies":[{"embeddable":true,"href":"https:\/\/vinosa.it\/en\/wp-json\/wp\/v2\/comments?post=2733"}],"version-history":[{"count":0,"href":"https:\/\/vinosa.it\/en\/wp-json\/wp\/v2\/posts\/2733\/revisions"}],"wp:featuredmedia":[{"embeddable":true,"href":"https:\/\/vinosa.it\/en\/wp-json\/wp\/v2\/media\/2749"}],"wp:attachment":[{"href":"https:\/\/vinosa.it\/en\/wp-json\/wp\/v2\/media?parent=2733"}],"wp:term":[{"taxonomy":"category","embeddable":true,"href":"https:\/\/vinosa.it\/en\/wp-json\/wp\/v2\/categories?post=2733"},{"taxonomy":"post_tag","embeddable":true,"href":"https:\/\/vinosa.it\/en\/wp-json\/wp\/v2\/tags?post=2733"}],"curies":[{"name":"wp","href":"https:\/\/api.w.org\/{rel}","templated":true}]}}