{"id":2819,"date":"2021-07-21T11:26:10","date_gmt":"2021-07-21T09:26:10","guid":{"rendered":"https:\/\/vinosa.it\/?p=2819"},"modified":"2021-10-26T14:39:39","modified_gmt":"2021-10-26T12:39:39","slug":"il-prosecco-il-castello-il-vitigno-il-vino-dalle-rive-venete-allaustralia","status":"publish","type":"post","link":"https:\/\/vinosa.it\/en\/il-prosecco-il-castello-il-vitigno-il-vino-dalle-rive-venete-allaustralia\/","title":{"rendered":"Il Prosecco: il castello, il vitigno, il vino. Dalle &#8220;rive&#8221; venete all&#8217;Australia"},"content":{"rendered":"\n<blockquote class=\"wp-block-quote is-layout-flow wp-block-quote-is-layout-flow\"><p>126 &#8211; <em>Carnorum haec regio iunctaque Iapudum, amnis Timavus, castellum nobile vino Pucinum, Tergestinus sinus, colonia Tergeste, XXXIII ab Aquileia. ultra quam sex milia p. Formio amnis, ab Ravenna CLXXXVIIII, anticus auctae Italiae terminus, nunc vero Histriae. quam cognominatam a flumine Histro, in Hadriam effluente e Danuvio amne eodemque Histro exadversum Padi fauces, contrario eorum percussu mari interiecto dulcescente, plerique dixere falso, et Nepos etiam Padi accola<\/em><\/p><p>(Plinio il Vecchio &#8211; Naturalis Historia &#8211; Liber III)<\/p><\/blockquote>\n\n\n\n<div class=\"wp-block-image\"><figure class=\"aligncenter size-full is-resized\"><img loading=\"lazy\" decoding=\"async\" src=\"https:\/\/vinosa.it\/wp-content\/uploads\/2021\/07\/Theatrum-Orbis-Terrarum-di-Abramo-Ortelio.jpg\" alt=\"\" class=\"wp-image-2829\" width=\"600\" height=\"488\" srcset=\"https:\/\/vinosa.it\/wp-content\/uploads\/2021\/07\/Theatrum-Orbis-Terrarum-di-Abramo-Ortelio.jpg 800w, https:\/\/vinosa.it\/wp-content\/uploads\/2021\/07\/Theatrum-Orbis-Terrarum-di-Abramo-Ortelio-300x244.jpg 300w, https:\/\/vinosa.it\/wp-content\/uploads\/2021\/07\/Theatrum-Orbis-Terrarum-di-Abramo-Ortelio-768x625.jpg 768w, https:\/\/vinosa.it\/wp-content\/uploads\/2021\/07\/Theatrum-Orbis-Terrarum-di-Abramo-Ortelio-500x407.jpg 500w, https:\/\/vinosa.it\/wp-content\/uploads\/2021\/07\/Theatrum-Orbis-Terrarum-di-Abramo-Ortelio-492x400.jpg 492w\" sizes=\"(max-width: 600px) 100vw, 600px\" \/><figcaption>T<em>heatrum Orbis Terrarum<\/em>&nbsp;di&nbsp;<strong>Abramo Ortelio<\/strong><\/figcaption><\/figure><\/div>\n\n\n\n<p class=\"has-drop-cap\">Per raccontare la storia di questo vitigno e del suo vino bisogna partire da molto, molto lontano. I nomi si intersecano, si fondono e si confondono e generano una nebbia che non \u00e8 facilissimo dissolvere e che lascia scappare qualche effetto non ricercato.<\/p>\n\n\n\n<p>La citazione qui sopra \u00e8 tratta dal III libro della mastodontica opera di Plinio il Vecchio <em>Naturalis Historia<\/em> che in alcune parti tratta anche di vigne e vini (il XIV libro, in particolare). In questo caso, tuttavia, siamo in una sezione precedente che racconta delle regioni italiane e, infrattato nelle pieghe delle esposizioni geografiche, troviamo, tuttavia, la menzione di un vitigno che ci torner\u00e0 utile. <br>Plinio &#8211; lo si legge nel passo qui sopra &#8211; menziona la regione dei Carni con il castello di Pucino, noto per il suo vino. <br>Purtroppo, l&#8217;unica fonte antica che menziona questa variet\u00e0 \u00e8 questa di Plinio che, \u00e8 risaputo, compose la<em> Naturalis Historia<\/em> basandosi su altre fonti e non per osservazione diretta; fonti che, \u00e8 bene ribadirlo, non sono giunte tutte a noi. La stessa <em>Historia<\/em>, per come la conosciamo, \u00e8 una ricostruzione filologica rinascimentale con alterna qualit\u00e0 che, in alcuni casi, va a inficiare anche la veridicit\u00e0 di quello che racconta.<\/p>\n\n\n\n<p>In ogni caso, sul Pucino sappiamo che era il vino preferito di Livia, seconda moglie dell&#8217;imperatore Augusto, che amava gustarlo nella sua villa fuori Roma &#8211; (lo riporta sempre Plinio nel XXXVII libro) e se lo faceva arrivare dal nord Italia. La Giulia Augusta della citazione \u00e8 appunto Livia, che alla morte di Augusto si cambi\u00f2 il nome in onore del marito e della sua <em>gens<\/em>. <\/p>\n\n\n\n<blockquote class=\"wp-block-quote is-layout-flow wp-block-quote-is-layout-flow\"><p><em>Iulia Augusta LXXXII annos vitae Pucino vino retulit acceptos, non alio usa. Gignitur in sinu Hadriatici maris non procul Timavo fonte, saxoso colle, maritimo adflatu paucas coquente amphoras, nec aliud aptius medicamentis iudicatur. Hoc esse crediderim quod Graeci celebrantes miris laudibus Praetetianum appellaverint ex Hadriatico sinu.<\/em><\/p><\/blockquote>\n\n\n\n<p>Il Pucino era un vino che aveva una produzione estremamente limitata, il cui vitigno era coltivato nei pressi delle sorgenti del Timavo, sulle rive dell&#8217;Adriatico (nella zona montuosa che si affaccia sulla costa tra Monfalcone e Trieste). <\/p>\n\n\n\n<p>Plinio, inoltre, sempre nel III libro, ci specifica un dettaglio interessante:<\/p>\n\n\n\n<blockquote class=\"wp-block-quote is-layout-flow wp-block-quote-is-layout-flow\"><p><em>Pucina vina in saxo cocuntur, Caecubae vites in Pomptinis paludibus madent. Tanta est argumentorum ac soli varietas ac differentia<\/em><\/p><\/blockquote>\n\n\n\n<p>Notevoli alcuni particolari che emergono: il suolo \u00e8 marcatamente caratterizzato da molto scheletro (come in effetti \u00e8 tutt&#8217;ora nelle zone del Carso) e il nostro vitigno letteralmente &#8220;cuoce&#8221; nel calore dei sassi; la sua natura arida \u00e8 messa, inoltre, a confronto con quella delle paludi pontine in cui le viti del Cecubo, letteralmente, annegano. <\/p>\n\n\n\n<div class=\"wp-block-image\"><figure class=\"aligncenter size-large is-resized\"><img loading=\"lazy\" decoding=\"async\" src=\"https:\/\/vinosa.it\/wp-content\/uploads\/2021\/07\/grafica-VINOSA-1-1024x1024.png\" alt=\"\" class=\"wp-image-2701\" width=\"160\" height=\"160\" srcset=\"https:\/\/vinosa.it\/wp-content\/uploads\/2021\/07\/grafica-VINOSA-1-1024x1024.png 1024w, https:\/\/vinosa.it\/wp-content\/uploads\/2021\/07\/grafica-VINOSA-1-300x300.png 300w, https:\/\/vinosa.it\/wp-content\/uploads\/2021\/07\/grafica-VINOSA-1-150x150.png 150w, https:\/\/vinosa.it\/wp-content\/uploads\/2021\/07\/grafica-VINOSA-1-768x768.png 768w, https:\/\/vinosa.it\/wp-content\/uploads\/2021\/07\/grafica-VINOSA-1-1536x1536.png 1536w, https:\/\/vinosa.it\/wp-content\/uploads\/2021\/07\/grafica-VINOSA-1-500x500.png 500w, https:\/\/vinosa.it\/wp-content\/uploads\/2021\/07\/grafica-VINOSA-1-800x800.png 800w, https:\/\/vinosa.it\/wp-content\/uploads\/2021\/07\/grafica-VINOSA-1-1280x1280.png 1280w, https:\/\/vinosa.it\/wp-content\/uploads\/2021\/07\/grafica-VINOSA-1-400x400.png 400w, https:\/\/vinosa.it\/wp-content\/uploads\/2021\/07\/grafica-VINOSA-1-850x850.png 850w, https:\/\/vinosa.it\/wp-content\/uploads\/2021\/07\/grafica-VINOSA-1.png 1600w\" sizes=\"(max-width: 160px) 100vw, 160px\" \/><\/figure><\/div>\n\n\n\n<p>Da qui in poi il nulla. Il silenzio avvolge il Pucino e la sua storia si ferma con Plinio. Dovranno trascorrere molti secoli perch\u00e9 il suo nome venga ritirato fuori dal cappello del Carso.<\/p>\n\n\n\n<p>Ci si prova, a capire dove fosse il famoso castello ma non c&#8217;\u00e8 modo di trovarne l&#8217;esatta ubicazione. Tenta, tra gli altri, anche Carlo Marchesetti, archeologo, paleontologo e botanico italiano, che nel 1876 a colpi di fonti storiche e coordinate geografiche riesce a delimitare in una ventina di kilometri la probabile posizione del sopraddetto castello: a sud di Duino e a nord di Prosecco. Coincidono i suoli, le vegetazioni mediterranee e la coltivazione diffusa della vite.<\/p>\n\n\n\n<p>Marchesetti a sua volta cita Volfango Lazio, estimatore del prosecco-vino e medico, storico e geografo rinascimentale, che nel 1551 cita anche lui la regione tra Duino e Prosecco e ne asserisce l&#8217;identit\u00e0 con il Pucinum. <\/p>\n\n\n\n<blockquote class=\"wp-block-quote is-layout-flow wp-block-quote-is-layout-flow\"><p>&#8220;<em>&#8230;atque toto isto litore vineta sunt electissima et ubi optimum Rifolium vino precipue Prosecchi nascitur, quod dubio procul Pucinum illud Plinii fuit<\/em><\/p><cite>Com. Reip. 1 XII<\/cite><\/blockquote>\n\n\n\n<p>Non \u00e8 tuttavia il primo, come asserisce Marchesetti nel suo saggio: la sua teoria segue di non molti anni quella del triestino Pietro Bonomo (1458 \u2013 1546), segretario, consigliere di corte e vescovo di Trieste dal 1502 che muore prima della pubblicazione del 1551 del Lazio.<br>Il vescovo, riprendendo le citazioni di Plinio, opera un salto ardito e a suo avviso doveroso: il castello di Pucinum \u00e8 quello di Prosecco &#8211; per\u00f2 situato nei pressi di Tergeste e non del Timavo, pi\u00f9 distante ma citato da Plinio &#8211; e, di conseguenza, il vino di cui tanto parla solo Plinio, il Pucinum, \u00e8 il Prosecco del Castello di Prosecco.<\/p>\n\n\n\n<div class=\"wp-block-image\"><figure class=\"aligncenter size-large is-resized\"><img loading=\"lazy\" decoding=\"async\" src=\"https:\/\/vinosa.it\/wp-content\/uploads\/2021\/07\/Pucinum-location-1024x770.jpg\" alt=\"\" class=\"wp-image-2831\" width=\"452\" height=\"340\" srcset=\"https:\/\/vinosa.it\/wp-content\/uploads\/2021\/07\/Pucinum-location-1024x770.jpg 1024w, https:\/\/vinosa.it\/wp-content\/uploads\/2021\/07\/Pucinum-location-300x226.jpg 300w, https:\/\/vinosa.it\/wp-content\/uploads\/2021\/07\/Pucinum-location-768x578.jpg 768w, https:\/\/vinosa.it\/wp-content\/uploads\/2021\/07\/Pucinum-location-500x376.jpg 500w, https:\/\/vinosa.it\/wp-content\/uploads\/2021\/07\/Pucinum-location-800x602.jpg 800w, https:\/\/vinosa.it\/wp-content\/uploads\/2021\/07\/Pucinum-location-1280x963.jpg 1280w, https:\/\/vinosa.it\/wp-content\/uploads\/2021\/07\/Pucinum-location-532x400.jpg 532w, https:\/\/vinosa.it\/wp-content\/uploads\/2021\/07\/Pucinum-location-850x639.jpg 850w, https:\/\/vinosa.it\/wp-content\/uploads\/2021\/07\/Pucinum-location.jpg 1520w\" sizes=\"(max-width: 452px) 100vw, 452px\" \/><figcaption>F. Colombo, <em>Pucino: pi\u00f9 che un vino, una medicina<\/em><\/figcaption><\/figure><\/div>\n\n\n\n<p>In un colpo solo l&#8217;astuto prelato riesce a diradare i dubbi relativi alla fonte pliniana e dare una precisa indicazione geografica tipica, storica e fascinosa al vino di Prosecco, togliendolo dall&#8217;indeterminatezza del &#8220;ribolla&#8221; che allora lo designava, un uvaggio bianco e dolce &#8220;frutto di vendemmie tardive di uve surmature&#8221;.<\/p>\n\n\n\n<p>Aveva dei territori vitati, il vescovo, e faceva gioco anche a lui questa genealogia sontuosa, nobile e attraente.<\/p>\n\n\n\n<p>Marchesetti, tuttavia, \u00e8 molto cauto nel portare avanti tale tesi: i dubbi, suoi e di altri studiosi, sono ragionevoli e fondati. Uno tra tutti: a nessuno verrebbe in mente di definire Prosecco come un posto sassoso e arido e la distanza tra il Timavo e Tergeste non passa inosservata nella descrizione di Plinio. Quindi, a seguire la descrizione della Historia, bisognerebbe optare pi\u00f9 per Duino che per Prosecco, se proprio volessimo essere precisi.<br><\/p>\n\n\n\n<p>Quella di Bonomo \u00e8 una vera e propria raffinata operazione di <em>naming <\/em>e marketing <em>ante-litteram<\/em> che nei secoli successivi diventa difficilissimo &#8211; e lo \u00e8 tutt&#8217;ora &#8211; scardinare e che viene ripetuta, ribadita, amplificata e consolidata da pi\u00f9 parti, soprattutto durante tutto il corso del Settecento. Anche perch\u00e9 questa narrazione rafforza il carattere geografico e territoriale del vino e fa gioco ad una serie di percorsi affabulatori utili ad incardinare sempre di pi\u00f9 vite e vino a quel territorio che ha la strepitosa fortuna di avere un paese con lo stesso nome del vitigno e del vino. <\/p>\n\n\n\n<div class=\"wp-block-image\"><figure class=\"aligncenter size-large is-resized\"><img loading=\"lazy\" decoding=\"async\" src=\"https:\/\/vinosa.it\/wp-content\/uploads\/2021\/07\/grafica-VINOSA-12-1024x1024.png\" alt=\"\" class=\"wp-image-2763\" width=\"160\" height=\"160\" srcset=\"https:\/\/vinosa.it\/wp-content\/uploads\/2021\/07\/grafica-VINOSA-12-1024x1024.png 1024w, https:\/\/vinosa.it\/wp-content\/uploads\/2021\/07\/grafica-VINOSA-12-300x300.png 300w, https:\/\/vinosa.it\/wp-content\/uploads\/2021\/07\/grafica-VINOSA-12-150x150.png 150w, https:\/\/vinosa.it\/wp-content\/uploads\/2021\/07\/grafica-VINOSA-12-768x768.png 768w, https:\/\/vinosa.it\/wp-content\/uploads\/2021\/07\/grafica-VINOSA-12-1536x1536.png 1536w, https:\/\/vinosa.it\/wp-content\/uploads\/2021\/07\/grafica-VINOSA-12-500x500.png 500w, https:\/\/vinosa.it\/wp-content\/uploads\/2021\/07\/grafica-VINOSA-12-800x800.png 800w, https:\/\/vinosa.it\/wp-content\/uploads\/2021\/07\/grafica-VINOSA-12-1280x1280.png 1280w, https:\/\/vinosa.it\/wp-content\/uploads\/2021\/07\/grafica-VINOSA-12-400x400.png 400w, https:\/\/vinosa.it\/wp-content\/uploads\/2021\/07\/grafica-VINOSA-12-850x850.png 850w, https:\/\/vinosa.it\/wp-content\/uploads\/2021\/07\/grafica-VINOSA-12.png 1600w\" sizes=\"(max-width: 160px) 100vw, 160px\" \/><\/figure><\/div>\n\n\n\n<p>A questo punto lasciamo le fonti storiche e rivolgiamoci alle analisi genetiche. <br>Per fortuna, il Prosecco \u00e8 stato oggetto di profonde ed attente valutazioni che hanno fatto luce sulla sua storia e hanno diradato la nebbiosa confusione che ancor oggi serpeggia sul nome e sulla sua origine.<\/p>\n\n\n\n<p>Le fonti scientifiche sono concordi: non c&#8217;\u00e8 un prosecco, ci sono i prosecchi. E questa, intanto \u00e8 la prima cosa di cui prendere atto.<\/p>\n\n\n\n<p>Fin dal XVII secolo ci sono molte variet\u00e0 morfologicamente distinte che assumono il nome di prosecco nella zona di Conegliano Valdobbiadene. Durante la met\u00e0 del XIX secolo, il nobile Marco Giulio Balbi Valier selezion\u00f2 e coltiv\u00f2 una particolare variazione clonale chiamata &#8220;Prosecco Tondo&#8221; (detto anche &#8220;Prosecco Balbi&#8221;); dopo il 1980, altre due variazioni clonali furono selezionate per portare avanti ulteriori studi su questa cultivar proprio nel centro enologico di Conegliano. Le due variet\u00e0 si chiamavano &#8220;Prosecco Lungo&#8221; e &#8220;Prosecco Nostrano&#8221;.<\/p>\n\n\n\n<p>Tutte le analisi condotte sulle tre variet\u00e0, sia quelle morfologiche che quelle genetiche, hanno provato che le presunte variazioni clonali di fatto erano invece variet\u00e0 distinte. Attualmente, quindi, il Tondo viene chiamato semplicemente Prosecco, quello Lungo ha mantenuto invariato il suo nome e quello Nostrano \u00e8 stato dimostrato essere geneticamente identico alla Malvasia Bianca Lunga. <\/p>\n\n\n\n<p>Inoltre, sempre attraverso ulteriori analisi genetiche, si \u00e8 scoperto che esiste una robusta correlazione genetica tra il Prosecco e il Prosecco Lungo, sebbene per ora si possa escludere una parentela diretta genitore-figlio.<\/p>\n\n\n\n<p>Molto pi\u00f9 interessante, invece, un ulteriore riscontro parentale sempre generato dall&#8217;analisi genetica: la Vitovska, una cultivar bianca originaria della regione carsica al confine tra Italia e Slovenia, ha una naturale discendenza dal Prosecco e dalla Malvasia Bianca Lunga.<\/p>\n\n\n\n<p>Infine, cosa assai pi\u00f9 importante e dirimente, la comparazione genetica dei vari profili esaminati mostra che il Prosecco \u00e8 assolutamente identico al Teran Bijeli (Bijeli in croato significa bianco), precedentemente considerata una variet\u00e0 rara originaria dell&#8217;Istria che si \u00e8 dimostrato essere, a sua volta, geneticamente identica anche alla Briska Glera e alla Steverjana, che prima si pensava fossero due distinte variet\u00e0 coltivate in Slovenia. <\/p>\n\n\n\n<div class=\"wp-block-image\"><figure class=\"aligncenter size-large is-resized\"><img loading=\"lazy\" decoding=\"async\" src=\"https:\/\/vinosa.it\/wp-content\/uploads\/2021\/07\/grafica-VINOSA-8-1024x1024.png\" alt=\"\" class=\"wp-image-2765\" width=\"160\" height=\"160\" srcset=\"https:\/\/vinosa.it\/wp-content\/uploads\/2021\/07\/grafica-VINOSA-8-1024x1024.png 1024w, https:\/\/vinosa.it\/wp-content\/uploads\/2021\/07\/grafica-VINOSA-8-300x300.png 300w, https:\/\/vinosa.it\/wp-content\/uploads\/2021\/07\/grafica-VINOSA-8-150x150.png 150w, https:\/\/vinosa.it\/wp-content\/uploads\/2021\/07\/grafica-VINOSA-8-768x768.png 768w, https:\/\/vinosa.it\/wp-content\/uploads\/2021\/07\/grafica-VINOSA-8-1536x1536.png 1536w, https:\/\/vinosa.it\/wp-content\/uploads\/2021\/07\/grafica-VINOSA-8-500x500.png 500w, https:\/\/vinosa.it\/wp-content\/uploads\/2021\/07\/grafica-VINOSA-8-800x800.png 800w, https:\/\/vinosa.it\/wp-content\/uploads\/2021\/07\/grafica-VINOSA-8-1280x1280.png 1280w, https:\/\/vinosa.it\/wp-content\/uploads\/2021\/07\/grafica-VINOSA-8-400x400.png 400w, https:\/\/vinosa.it\/wp-content\/uploads\/2021\/07\/grafica-VINOSA-8-850x850.png 850w, https:\/\/vinosa.it\/wp-content\/uploads\/2021\/07\/grafica-VINOSA-8.png 1600w\" sizes=\"(max-width: 160px) 100vw, 160px\" \/><\/figure><\/div>\n\n\n\n<p>Come ormai tutti sanno, nel 2009 \u00e8 stato istituito il consorzio del Prosecco Conegliano Valdobbiadene DOCG mentre la DOC Prosecco fu allargata sostanziosamente. Per supportare questa enorme operazione di promozione e tutela, il Consorzio pose in atto alcune azioni ufficiali tra cui il cambio di nome che mut\u00f2 da Prosecco a Glera &#8211; considerato il suo sinonimo locale friulano -, mentre Prosecco fu riservato alla designazione di origine, onde evitare che altre nazioni nel mondo o altre regioni sempre italiane potessero essere autorizzate a produrre il vino prosecco e trarne vantaggi economici producendo vini bianchi spumantizzati. <\/p>\n\n\n\n<p>Chiaramente, per ottenere tutto ci\u00f2 la DOC si allarg\u00f2 al punto tale da includere anche il paesino di Prosecco, in provincia di Trieste. Territorio che, come abbiamo spiegato prima, si voleva supporre essere quello di origine del vitigno, rifacendosi, quindi, alle storie tramandate a partire da Plinio e manipolate dal vescovo Bonomo.<\/p>\n\n\n\n<p>Penso ora sia chiaro come questa operazione politica e di marketing abbia portato non solo grande confusione ma anche moltissimi fraintendimenti, come si diceva prima ancora attuali (una nota marca di prosecco ha abbastanza recentemente creato un nuovo spumante pubblicizzandolo sulla base delle fonti pliniane e del falso storico costruito da Bonomo).<\/p>\n\n\n\n<div class=\"wp-block-image\"><figure class=\"aligncenter size-large is-resized\"><img loading=\"lazy\" decoding=\"async\" src=\"https:\/\/vinosa.it\/wp-content\/uploads\/2021\/07\/grafica-VINOSA-3.png\" alt=\"\" class=\"wp-image-2705\" width=\"160\" height=\"160\" srcset=\"https:\/\/vinosa.it\/wp-content\/uploads\/2021\/07\/grafica-VINOSA-3.png 800w, https:\/\/vinosa.it\/wp-content\/uploads\/2021\/07\/grafica-VINOSA-3-300x300.png 300w, https:\/\/vinosa.it\/wp-content\/uploads\/2021\/07\/grafica-VINOSA-3-150x150.png 150w, https:\/\/vinosa.it\/wp-content\/uploads\/2021\/07\/grafica-VINOSA-3-768x768.png 768w, https:\/\/vinosa.it\/wp-content\/uploads\/2021\/07\/grafica-VINOSA-3-500x500.png 500w, https:\/\/vinosa.it\/wp-content\/uploads\/2021\/07\/grafica-VINOSA-3-400x400.png 400w\" sizes=\"(max-width: 160px) 100vw, 160px\" \/><\/figure><\/div>\n\n\n\n<p>Il nome Glera \u00e8 un nome generico che viene usato in applicazione a molteplici variet\u00e0 distinte della provincia di Trieste e recenti studi hanno dimostrato che generalmente il nome Glera si riferisce al Prosecco Lungo e molto meno frequentemente, invece, al Prosecco (Tondo), cos\u00ec come ad altre variet\u00e0 originarie della regione del Carso quali la Vitovska o, ancora, la Mocula.<\/p>\n\n\n\n<p>Nella ricostruzione della relazione genetica tra viti croate, alcune ricerche, inoltre, hanno dimostrato che il Prosecco, sotto il nome di Teran Bijeli occupa una posizione cruciale in relazione ad altri vitigni croati e pure, ad alcuni proveniente dalla Bosnia. Questo studio, infatti, supporta in modo piuttosto consistente l&#8217;origine istriana del Prosecco: come conseguenza di tutto ci\u00f2, \u00e8 altamente probabile che il piccolo villaggio di Prosecco, in provincia di Trieste, fosse solo una delle varie tappe del viaggio di questa variet\u00e0 dall&#8217;Istria al Friuli (e poi fino alla zona di Valdobbiadene) e che il suo vero nome originale fosse Teran Bijeli e non, come ancora oggi alcuni cercano di sostenere, il Pucino.<\/p>\n\n\n\n<div class=\"wp-block-image\"><figure class=\"aligncenter size-large is-resized\"><img loading=\"lazy\" decoding=\"async\" src=\"https:\/\/vinosa.it\/wp-content\/uploads\/2021\/07\/grafica-VINOSA-6-1024x1024.png\" alt=\"\" class=\"wp-image-2761\" width=\"160\" height=\"160\" srcset=\"https:\/\/vinosa.it\/wp-content\/uploads\/2021\/07\/grafica-VINOSA-6-1024x1024.png 1024w, https:\/\/vinosa.it\/wp-content\/uploads\/2021\/07\/grafica-VINOSA-6-300x300.png 300w, https:\/\/vinosa.it\/wp-content\/uploads\/2021\/07\/grafica-VINOSA-6-150x150.png 150w, https:\/\/vinosa.it\/wp-content\/uploads\/2021\/07\/grafica-VINOSA-6-768x768.png 768w, https:\/\/vinosa.it\/wp-content\/uploads\/2021\/07\/grafica-VINOSA-6-1536x1536.png 1536w, https:\/\/vinosa.it\/wp-content\/uploads\/2021\/07\/grafica-VINOSA-6-500x500.png 500w, https:\/\/vinosa.it\/wp-content\/uploads\/2021\/07\/grafica-VINOSA-6-800x800.png 800w, https:\/\/vinosa.it\/wp-content\/uploads\/2021\/07\/grafica-VINOSA-6-1280x1280.png 1280w, https:\/\/vinosa.it\/wp-content\/uploads\/2021\/07\/grafica-VINOSA-6-400x400.png 400w, https:\/\/vinosa.it\/wp-content\/uploads\/2021\/07\/grafica-VINOSA-6-850x850.png 850w, https:\/\/vinosa.it\/wp-content\/uploads\/2021\/07\/grafica-VINOSA-6.png 1600w\" sizes=\"(max-width: 160px) 100vw, 160px\" \/><\/figure><\/div>\n\n\n\n<p>E ora veniamo al terzo passaggio: il prosecco che viaggia in Australia.<\/p>\n\n\n\n<p>Nel 2009, quando i funzionari regionali veneti si sono resi conto di quanto successo stesse raccogliendo a livello mondiale il loro bianco frizzante, leggero, facile e fresco, hanno deciso di proteggerlo dalle possibili intrusioni di altre aree del paese ma, soprattutto, di altre nazioni che avrebbero potuto trarre vantaggio da questa enorme operazione di marketing e tutela, replicando il marchio senza tanti scrupoli.<\/p>\n\n\n\n<p>Il problema per\u00f2 era enorme: dal momento che si pu\u00f2 solo tutelare un&#8217;indicazione geografica o IG (come ad esempio \u00e8 il caso dello Champagne) ma non l&#8217;uva e il suo nome (come, ad esempio, il Sangiovese o il Trebbiano), cosa si sono inventati i veneti? <\/p>\n\n\n\n<p>Hanno cambiato il nome dell&#8217;uva Prosecco nel suo presunto sinonimo friulano di Glera, come spiegato prima hanno allargato la DOC cos\u00ec da ricomprendere all&#8217;interno della zona protetta il paese di Prosecco e hanno dichiarato che il nome &#8220;Prosecco&#8221; era DOC.<\/p>\n\n\n\n<p>Purtroppo, in questa corsa alla tutela non sono state compiute le dovute e doverose ricerche n\u00e8 consultati altri organismi internazionali di vinificazione. E gi\u00e0 nel 1997 \u2013 quindi ben 10 anni prima di questi cambiamenti \u2013 alcune  talee dell&#8217;uva contesa erano belle che arrivate in Australia protette dalle tasche della famiglia di Otto Dal Zotto di Valdobbiadene che nel 1999 mise a dimora le prime barbatelle nella King Valley di Victoria.<\/p>\n\n\n\n<p>In Australia.<\/p>\n\n\n\n<p>(p.s. la famiglia Dal Zotto che ancora oggi produce prosecco in Australia ha due linee sotto l&#8217;etichetta &#8220;Pucino&#8221;: quando una narrazione non vuole proprio morire).<\/p>\n\n\n\n<p>A novembre 2013 l\u2019<em>Australian Trade Marks Office <\/em>si rifiut\u00f2 di ratificare la richiesta dell&#8217;Unione Europea di considerare  e quindi registrare il Prosecco DOC quale GI (<em>Geographical Indication<\/em>). La base giurisprudenziale per l&#8217;ente fu che la <em>Winemakers\u2019 Federation of Australia<\/em> (WFA) aveva gi\u00e0 presentato un ricorso sostenendo la tesi secondo cui gi\u00e0 da molti anni il termine &#8220;Prosecco&#8221; in Australia veniva utilizzato non solo per identificare una variet\u00e0 di uva ma, pure, il vino che da queste uve veniva prodotto. In pratica, i due enti australiani si spalleggiarono nel difendere il loro diritto di coltivare, produrre e commercializzare il Prosecco, come vite e come vino.<\/p>\n\n\n\n<p>L\u2019accordo del 2009, ratificato nel 2010, tra Australia e Unione Europea infatti, prevedeva la protezione immediata delle indicazioni geografiche europee mentre in alcuni casi particolari &#8211; per venire incontro ai coltivatori australiani messi in difficolt\u00e0 dai veti che ne sarebbero scaturiti &#8211; era stato trovato un accordo per un periodo cosiddetto &#8220;di transizione&#8221; che poteva durare sino al settembre 2011, dopo il quale per i produttori australiani non sarebbe stato pi\u00f9 possibile utilizzare denominazioni quali \u201cChampagne\u201d, \u201cPorto\u201d, \u201cSherry\u201d pi\u00f9 altre. <br>Tutte le operazioni della regione Veneto per la protezione del \u201cProsecco\u201d prima menzionate, per\u00f2, risalivano al 2009, ed \u00e8 solo in quell&#8217;anno che la cultivar cambi\u00f2 nome e da Prosecco divent\u00f2 Glera e questo non bast\u00f2 a fermare le proteste degli Autraliani che, piuttosto correttamente, sostenevano di usare gi\u00e0 prima il nome sia per il vitigno che per il vino. &nbsp;<\/p>\n\n\n\n<div class=\"wp-block-image\"><figure class=\"aligncenter size-large is-resized\"><img loading=\"lazy\" decoding=\"async\" src=\"https:\/\/vinosa.it\/wp-content\/uploads\/2021\/07\/grafica-VINOSA-7-1024x1024.png\" alt=\"\" class=\"wp-image-2767\" width=\"160\" height=\"160\" srcset=\"https:\/\/vinosa.it\/wp-content\/uploads\/2021\/07\/grafica-VINOSA-7-1024x1024.png 1024w, https:\/\/vinosa.it\/wp-content\/uploads\/2021\/07\/grafica-VINOSA-7-300x300.png 300w, https:\/\/vinosa.it\/wp-content\/uploads\/2021\/07\/grafica-VINOSA-7-150x150.png 150w, https:\/\/vinosa.it\/wp-content\/uploads\/2021\/07\/grafica-VINOSA-7-768x768.png 768w, https:\/\/vinosa.it\/wp-content\/uploads\/2021\/07\/grafica-VINOSA-7-1536x1536.png 1536w, https:\/\/vinosa.it\/wp-content\/uploads\/2021\/07\/grafica-VINOSA-7-500x500.png 500w, https:\/\/vinosa.it\/wp-content\/uploads\/2021\/07\/grafica-VINOSA-7-800x800.png 800w, https:\/\/vinosa.it\/wp-content\/uploads\/2021\/07\/grafica-VINOSA-7-1280x1280.png 1280w, https:\/\/vinosa.it\/wp-content\/uploads\/2021\/07\/grafica-VINOSA-7-400x400.png 400w, https:\/\/vinosa.it\/wp-content\/uploads\/2021\/07\/grafica-VINOSA-7-850x850.png 850w, https:\/\/vinosa.it\/wp-content\/uploads\/2021\/07\/grafica-VINOSA-7.png 1600w\" sizes=\"(max-width: 160px) 100vw, 160px\" \/><\/figure><\/div>\n\n\n\n<p>Oggi ci sono 120 ettari (sic!)  di Prosecco piantati in 11 regioni australiane, che secondo <em>Wine Australia<\/em> producono circa 20 milioni di bottiglie. Le esportazioni di Prosecco australiano valgono 60 milioni di dollari (ovvero 32,5 milioni di sterline) all&#8217;anno e si prevede che saliranno a 500 milioni di dollari nel prossimo decennio. <br>E la corsa continua (avete mai visto, ad esempio, la pubblicit\u00e0 del Prosecco della Yellow Tail?)<\/p>\n\n\n\n<div class=\"wp-block-image\"><figure class=\"aligncenter size-large is-resized\"><img loading=\"lazy\" decoding=\"async\" src=\"https:\/\/vinosa.it\/wp-content\/uploads\/2021\/07\/prosecco-yellow-tail.png\" alt=\"\" class=\"wp-image-2845\" width=\"387\" height=\"387\" srcset=\"https:\/\/vinosa.it\/wp-content\/uploads\/2021\/07\/prosecco-yellow-tail.png 556w, https:\/\/vinosa.it\/wp-content\/uploads\/2021\/07\/prosecco-yellow-tail-300x300.png 300w, https:\/\/vinosa.it\/wp-content\/uploads\/2021\/07\/prosecco-yellow-tail-150x150.png 150w, https:\/\/vinosa.it\/wp-content\/uploads\/2021\/07\/prosecco-yellow-tail-500x500.png 500w, https:\/\/vinosa.it\/wp-content\/uploads\/2021\/07\/prosecco-yellow-tail-400x400.png 400w\" sizes=\"(max-width: 387px) 100vw, 387px\" \/><\/figure><\/div>\n\n\n\n<p>E non \u00e8 finita qui. <br>La diatriba si \u00e8 riattizzata nel 2018 quando Australia e l&#8217;Unione Europea hanno ricominciato le trattative per un nuovo accordo di libero scambio. Uno dei punti in discussione per giungere ad un accordo era la richiesta da parte dell&#8217;Italia dei diritti esclusivi sull&#8217;utilizzo del nome del &#8220;Prosecco&#8221;. Nel 2020 il governo australiano, forte della situazione di fatto precedente all&#8217;escamotage veneto del 2009, per andare preparata al tavolo delle trattative ha commissionato alla Monash University di Melbourne uno studio per verificare la base legale dell&#8217;utilizzo delle indicazioni geografiche negli accordi commerciali. I ricercatori di Monash coinvolti nella stesura del parere hanno ritenuto che l&#8217;applicazione di un&#8217;indicazione geografica per il Prosecco violerebbe le regole dell&#8217;Organizzazione mondiale del commercio. <br>Quindi lo scontro continua. E a meno che non ci sia una risoluzione a favore dell&#8217;Italia, i produttori australiani potranno continuare a produrre e vendere Prosecco.<\/p>\n\n\n\n<p>Con buona pace di Plinio il Vecchio, del suo Pucino e del Castello di Prosecco. <\/p>\n\n\n\n<div class=\"wp-block-image\"><figure class=\"aligncenter size-large is-resized\"><img loading=\"lazy\" decoding=\"async\" src=\"https:\/\/vinosa.it\/wp-content\/uploads\/2021\/07\/grafica-VINOSA-4-1024x1024.png\" alt=\"\" class=\"wp-image-2707\" width=\"165\" height=\"165\" srcset=\"https:\/\/vinosa.it\/wp-content\/uploads\/2021\/07\/grafica-VINOSA-4-1024x1024.png 1024w, https:\/\/vinosa.it\/wp-content\/uploads\/2021\/07\/grafica-VINOSA-4-300x300.png 300w, https:\/\/vinosa.it\/wp-content\/uploads\/2021\/07\/grafica-VINOSA-4-150x150.png 150w, https:\/\/vinosa.it\/wp-content\/uploads\/2021\/07\/grafica-VINOSA-4-768x768.png 768w, https:\/\/vinosa.it\/wp-content\/uploads\/2021\/07\/grafica-VINOSA-4-1536x1536.png 1536w, https:\/\/vinosa.it\/wp-content\/uploads\/2021\/07\/grafica-VINOSA-4-500x500.png 500w, https:\/\/vinosa.it\/wp-content\/uploads\/2021\/07\/grafica-VINOSA-4-800x800.png 800w, https:\/\/vinosa.it\/wp-content\/uploads\/2021\/07\/grafica-VINOSA-4-1280x1280.png 1280w, https:\/\/vinosa.it\/wp-content\/uploads\/2021\/07\/grafica-VINOSA-4-400x400.png 400w, https:\/\/vinosa.it\/wp-content\/uploads\/2021\/07\/grafica-VINOSA-4-850x850.png 850w, https:\/\/vinosa.it\/wp-content\/uploads\/2021\/07\/grafica-VINOSA-4.png 1600w\" sizes=\"(max-width: 165px) 100vw, 165px\" \/><\/figure><\/div>\n\n\n\n<p class=\"has-small-font-size\">Articolo protetto con marca temporale Patamu<\/p>\n\n\n\n<hr class=\"wp-block-separator is-style-wide\"\/>\n\n\n\n<p>Per approfondire:<\/p>\n\n\n\n<ul class=\"wp-block-list\"><li>Plinio il Vecchio, <em>Naturalis Historia<\/em><\/li><li>C. Marchesetti, <em>Del sito dell&#8217;antico castello Pucino e del vino che vi cresceva<\/em><\/li><li>F. Colombo, <em>Prosecco. Patrimonio del nordest<\/em><\/li><li>T. H. Buchinger, <em>Per un sublessico vitivinicolo<\/em><\/li><li>S. de&#8217; Siena, <em>Il vino nel mondo antico<\/em><\/li><li>A. Henserson, <em>Storia dei vini antichi<\/em><\/li><li>J. Robinson, <em>The Oxford Companion to wine<\/em><\/li><\/ul>\n","protected":false},"excerpt":{"rendered":"<p><span class=\"span-reading-time rt-reading-time\" style=\"display: block;\"><span class=\"rt-label rt-prefix\">Tempo di lettura: <\/span> <span class=\"rt-time\"> 10<\/span> <span class=\"rt-label rt-postfix\">minuti<\/span><\/span>126 &#8211; Carnorum haec regio iunctaque Iapudum, amnis Timavus, castellum nobile vino Pucinum, Tergestinus sinus, colonia Tergeste, XXXIII ab Aquileia. ultra quam sex milia p. Formio amnis, ab Ravenna CLXXXVIIII, anticus auctae Italiae terminus, nunc vero Histriae. quam cognominatam a flumine Histro, in Hadriam effluente e Danuvio amne eodemque Histro exadversum Padi fauces, contrario eorum&#8230;<\/p>\n","protected":false},"author":1,"featured_media":2821,"comment_status":"open","ping_status":"open","sticky":false,"template":"","format":"standard","meta":{"content-type":"","_uag_custom_page_level_css":"","jetpack_post_was_ever_published":false,"_jetpack_newsletter_access":"","_jetpack_dont_email_post_to_subs":false,"_jetpack_newsletter_tier_id":0,"_jetpack_memberships_contains_paywalled_content":false,"_jetpack_memberships_contains_paid_content":false,"footnotes":""},"categories":[218],"tags":[338,337,340,342,326,339,341,343],"class_list":["post-2819","post","type-post","status-publish","format-standard","has-post-thumbnail","hentry","category-articoli-vinosi","tag-australia","tag-denominazione-docg","tag-glera","tag-origine-del-prosecco","tag-prosecco","tag-prosecco-australiano","tag-regione-veneto","tag-storia-del-prosecco"],"yoast_head":"<!-- This site is optimized with the Yoast SEO plugin v23.6 - https:\/\/yoast.com\/wordpress\/plugins\/seo\/ -->\n<title>Il Prosecco: il castello, il vitigno, il vino. Dalle &quot;rive&quot; venete all&#039;Australia - VinOsa<\/title>\n<meta name=\"description\" content=\"Conoscete la vera origine del prosecco? Prosecco vitigno, prosecco vino e anche prosecco castello. Una storia antica, con qualche mistero.\" \/>\n<meta name=\"robots\" content=\"index, follow, max-snippet:-1, max-image-preview:large, max-video-preview:-1\" \/>\n<link rel=\"canonical\" href=\"https:\/\/vinosa.it\/en\/il-prosecco-il-castello-il-vitigno-il-vino-dalle-rive-venete-allaustralia\/\" \/>\n<meta property=\"og:locale\" content=\"en_US\" \/>\n<meta property=\"og:type\" content=\"article\" \/>\n<meta property=\"og:title\" content=\"Il Prosecco: il castello, il vitigno, il vino. Dalle &quot;rive&quot; venete all&#039;Australia - VinOsa\" \/>\n<meta property=\"og:description\" content=\"Conoscete la vera origine del prosecco? Prosecco vitigno, prosecco vino e anche prosecco castello. Una storia antica, con qualche mistero.\" \/>\n<meta property=\"og:url\" content=\"https:\/\/vinosa.it\/en\/il-prosecco-il-castello-il-vitigno-il-vino-dalle-rive-venete-allaustralia\/\" \/>\n<meta property=\"og:site_name\" content=\"VinOsa\" \/>\n<meta property=\"article:publisher\" content=\"https:\/\/www.facebook.com\/leviamoicalici\/?modal=admin_todo_tour\" \/>\n<meta property=\"article:author\" content=\"https:\/\/www.facebook.com\/leviamoicalici\/?modal=admin_todo_tour\" \/>\n<meta property=\"article:published_time\" content=\"2021-07-21T09:26:10+00:00\" \/>\n<meta property=\"article:modified_time\" content=\"2021-10-26T12:39:39+00:00\" \/>\n<meta property=\"og:image\" content=\"https:\/\/vinosa.it\/wp-content\/uploads\/2021\/07\/prosecco-versus-Australia.png\" \/>\n\t<meta property=\"og:image:width\" content=\"2400\" \/>\n\t<meta property=\"og:image:height\" content=\"1350\" \/>\n\t<meta property=\"og:image:type\" content=\"image\/png\" \/>\n<meta name=\"author\" content=\"vinosa\" \/>\n<meta name=\"twitter:card\" content=\"summary_large_image\" \/>\n<meta name=\"twitter:creator\" content=\"@leviamoicalici@vinosa.it\" \/>\n<meta name=\"twitter:site\" content=\"@it\" \/>\n<meta name=\"twitter:label1\" content=\"Written by\" \/>\n\t<meta name=\"twitter:data1\" content=\"vinosa\" \/>\n\t<meta name=\"twitter:label2\" content=\"Est. reading time\" \/>\n\t<meta name=\"twitter:data2\" content=\"14 minutes\" \/>\n<script type=\"application\/ld+json\" class=\"yoast-schema-graph\">{\"@context\":\"https:\/\/schema.org\",\"@graph\":[{\"@type\":\"Article\",\"@id\":\"https:\/\/vinosa.it\/en\/il-prosecco-il-castello-il-vitigno-il-vino-dalle-rive-venete-allaustralia\/#article\",\"isPartOf\":{\"@id\":\"https:\/\/vinosa.it\/en\/il-prosecco-il-castello-il-vitigno-il-vino-dalle-rive-venete-allaustralia\/\"},\"author\":{\"name\":\"vinosa\",\"@id\":\"https:\/\/vinosa.it\/en\/#\/schema\/person\/376eb1d13ed81492fd979224d7ecf9c3\"},\"headline\":\"Il Prosecco: il castello, il vitigno, il vino. Dalle &#8220;rive&#8221; venete all&#8217;Australia\",\"datePublished\":\"2021-07-21T09:26:10+00:00\",\"dateModified\":\"2021-10-26T12:39:39+00:00\",\"mainEntityOfPage\":{\"@id\":\"https:\/\/vinosa.it\/en\/il-prosecco-il-castello-il-vitigno-il-vino-dalle-rive-venete-allaustralia\/\"},\"wordCount\":2536,\"commentCount\":1,\"publisher\":{\"@id\":\"https:\/\/vinosa.it\/en\/#\/schema\/person\/376eb1d13ed81492fd979224d7ecf9c3\"},\"image\":{\"@id\":\"https:\/\/vinosa.it\/en\/il-prosecco-il-castello-il-vitigno-il-vino-dalle-rive-venete-allaustralia\/#primaryimage\"},\"thumbnailUrl\":\"https:\/\/vinosa.it\/wp-content\/uploads\/2021\/07\/prosecco-versus-Australia.png\",\"keywords\":[\"australia\",\"denominazione docg\",\"glera\",\"origine del prosecco\",\"prosecco\",\"prosecco australiano\",\"regione veneto\",\"storia del prosecco\"],\"articleSection\":[\"Articoli VinOsi\"],\"inLanguage\":\"en-US\",\"potentialAction\":[{\"@type\":\"CommentAction\",\"name\":\"Comment\",\"target\":[\"https:\/\/vinosa.it\/en\/il-prosecco-il-castello-il-vitigno-il-vino-dalle-rive-venete-allaustralia\/#respond\"]}]},{\"@type\":\"WebPage\",\"@id\":\"https:\/\/vinosa.it\/en\/il-prosecco-il-castello-il-vitigno-il-vino-dalle-rive-venete-allaustralia\/\",\"url\":\"https:\/\/vinosa.it\/en\/il-prosecco-il-castello-il-vitigno-il-vino-dalle-rive-venete-allaustralia\/\",\"name\":\"Il Prosecco: il castello, il vitigno, il vino. Dalle \\\"rive\\\" venete all'Australia - VinOsa\",\"isPartOf\":{\"@id\":\"https:\/\/vinosa.it\/en\/#website\"},\"primaryImageOfPage\":{\"@id\":\"https:\/\/vinosa.it\/en\/il-prosecco-il-castello-il-vitigno-il-vino-dalle-rive-venete-allaustralia\/#primaryimage\"},\"image\":{\"@id\":\"https:\/\/vinosa.it\/en\/il-prosecco-il-castello-il-vitigno-il-vino-dalle-rive-venete-allaustralia\/#primaryimage\"},\"thumbnailUrl\":\"https:\/\/vinosa.it\/wp-content\/uploads\/2021\/07\/prosecco-versus-Australia.png\",\"datePublished\":\"2021-07-21T09:26:10+00:00\",\"dateModified\":\"2021-10-26T12:39:39+00:00\",\"description\":\"Conoscete la vera origine del prosecco? Prosecco vitigno, prosecco vino e anche prosecco castello. Una storia antica, con qualche mistero.\",\"breadcrumb\":{\"@id\":\"https:\/\/vinosa.it\/en\/il-prosecco-il-castello-il-vitigno-il-vino-dalle-rive-venete-allaustralia\/#breadcrumb\"},\"inLanguage\":\"en-US\",\"potentialAction\":[{\"@type\":\"ReadAction\",\"target\":[\"https:\/\/vinosa.it\/en\/il-prosecco-il-castello-il-vitigno-il-vino-dalle-rive-venete-allaustralia\/\"]}]},{\"@type\":\"ImageObject\",\"inLanguage\":\"en-US\",\"@id\":\"https:\/\/vinosa.it\/en\/il-prosecco-il-castello-il-vitigno-il-vino-dalle-rive-venete-allaustralia\/#primaryimage\",\"url\":\"https:\/\/vinosa.it\/wp-content\/uploads\/2021\/07\/prosecco-versus-Australia.png\",\"contentUrl\":\"https:\/\/vinosa.it\/wp-content\/uploads\/2021\/07\/prosecco-versus-Australia.png\",\"width\":2400,\"height\":1350},{\"@type\":\"BreadcrumbList\",\"@id\":\"https:\/\/vinosa.it\/en\/il-prosecco-il-castello-il-vitigno-il-vino-dalle-rive-venete-allaustralia\/#breadcrumb\",\"itemListElement\":[{\"@type\":\"ListItem\",\"position\":1,\"name\":\"Home\",\"item\":\"https:\/\/vinosa.it\/en\/\"},{\"@type\":\"ListItem\",\"position\":2,\"name\":\"Il Prosecco: il castello, il vitigno, il vino. Dalle &#8220;rive&#8221; venete all&#8217;Australia\"}]},{\"@type\":\"WebSite\",\"@id\":\"https:\/\/vinosa.it\/en\/#website\",\"url\":\"https:\/\/vinosa.it\/en\/\",\"name\":\"VinOsa\",\"description\":\"passeggiate temerarie tra i bicchieri\",\"publisher\":{\"@id\":\"https:\/\/vinosa.it\/en\/#\/schema\/person\/376eb1d13ed81492fd979224d7ecf9c3\"},\"potentialAction\":[{\"@type\":\"SearchAction\",\"target\":{\"@type\":\"EntryPoint\",\"urlTemplate\":\"https:\/\/vinosa.it\/en\/?s={search_term_string}\"},\"query-input\":{\"@type\":\"PropertyValueSpecification\",\"valueRequired\":true,\"valueName\":\"search_term_string\"}}],\"inLanguage\":\"en-US\"},{\"@type\":[\"Person\",\"Organization\"],\"@id\":\"https:\/\/vinosa.it\/en\/#\/schema\/person\/376eb1d13ed81492fd979224d7ecf9c3\",\"name\":\"vinosa\",\"image\":{\"@type\":\"ImageObject\",\"inLanguage\":\"en-US\",\"@id\":\"https:\/\/vinosa.it\/en\/#\/schema\/person\/image\/\",\"url\":\"https:\/\/vinosa.it\/wp-content\/uploads\/2021\/05\/cropped-cropped-VinOsa-new-trasparente-2-2.png\",\"contentUrl\":\"https:\/\/vinosa.it\/wp-content\/uploads\/2021\/05\/cropped-cropped-VinOsa-new-trasparente-2-2.png\",\"width\":697,\"height\":225,\"caption\":\"vinosa\"},\"logo\":{\"@id\":\"https:\/\/vinosa.it\/en\/#\/schema\/person\/image\/\"},\"sameAs\":[\"http:\/\/www.vinosa.it\",\"https:\/\/www.facebook.com\/leviamoicalici\/?modal=admin_todo_tour\",\"https:\/\/www.instagram.com\/vin.osa\/?hl=it\",\"https:\/\/x.com\/leviamoicalici@vinosa.it\"],\"url\":\"https:\/\/vinosa.it\/en\/author\/vinosa\/\"}]}<\/script>\n<!-- \/ Yoast SEO plugin. -->","yoast_head_json":{"title":"Il Prosecco: il castello, il vitigno, il vino. Dalle \"rive\" venete all'Australia - VinOsa","description":"Conoscete la vera origine del prosecco? Prosecco vitigno, prosecco vino e anche prosecco castello. Una storia antica, con qualche mistero.","robots":{"index":"index","follow":"follow","max-snippet":"max-snippet:-1","max-image-preview":"max-image-preview:large","max-video-preview":"max-video-preview:-1"},"canonical":"https:\/\/vinosa.it\/en\/il-prosecco-il-castello-il-vitigno-il-vino-dalle-rive-venete-allaustralia\/","og_locale":"en_US","og_type":"article","og_title":"Il Prosecco: il castello, il vitigno, il vino. Dalle \"rive\" venete all'Australia - VinOsa","og_description":"Conoscete la vera origine del prosecco? Prosecco vitigno, prosecco vino e anche prosecco castello. Una storia antica, con qualche mistero.","og_url":"https:\/\/vinosa.it\/en\/il-prosecco-il-castello-il-vitigno-il-vino-dalle-rive-venete-allaustralia\/","og_site_name":"VinOsa","article_publisher":"https:\/\/www.facebook.com\/leviamoicalici\/?modal=admin_todo_tour","article_author":"https:\/\/www.facebook.com\/leviamoicalici\/?modal=admin_todo_tour","article_published_time":"2021-07-21T09:26:10+00:00","article_modified_time":"2021-10-26T12:39:39+00:00","og_image":[{"width":2400,"height":1350,"url":"https:\/\/vinosa.it\/wp-content\/uploads\/2021\/07\/prosecco-versus-Australia.png","type":"image\/png"}],"author":"vinosa","twitter_card":"summary_large_image","twitter_creator":"@leviamoicalici@vinosa.it","twitter_site":"@it","twitter_misc":{"Written by":"vinosa","Est. reading time":"14 minutes"},"schema":{"@context":"https:\/\/schema.org","@graph":[{"@type":"Article","@id":"https:\/\/vinosa.it\/en\/il-prosecco-il-castello-il-vitigno-il-vino-dalle-rive-venete-allaustralia\/#article","isPartOf":{"@id":"https:\/\/vinosa.it\/en\/il-prosecco-il-castello-il-vitigno-il-vino-dalle-rive-venete-allaustralia\/"},"author":{"name":"vinosa","@id":"https:\/\/vinosa.it\/en\/#\/schema\/person\/376eb1d13ed81492fd979224d7ecf9c3"},"headline":"Il Prosecco: il castello, il vitigno, il vino. Dalle &#8220;rive&#8221; venete all&#8217;Australia","datePublished":"2021-07-21T09:26:10+00:00","dateModified":"2021-10-26T12:39:39+00:00","mainEntityOfPage":{"@id":"https:\/\/vinosa.it\/en\/il-prosecco-il-castello-il-vitigno-il-vino-dalle-rive-venete-allaustralia\/"},"wordCount":2536,"commentCount":1,"publisher":{"@id":"https:\/\/vinosa.it\/en\/#\/schema\/person\/376eb1d13ed81492fd979224d7ecf9c3"},"image":{"@id":"https:\/\/vinosa.it\/en\/il-prosecco-il-castello-il-vitigno-il-vino-dalle-rive-venete-allaustralia\/#primaryimage"},"thumbnailUrl":"https:\/\/vinosa.it\/wp-content\/uploads\/2021\/07\/prosecco-versus-Australia.png","keywords":["australia","denominazione docg","glera","origine del prosecco","prosecco","prosecco australiano","regione veneto","storia del prosecco"],"articleSection":["Articoli VinOsi"],"inLanguage":"en-US","potentialAction":[{"@type":"CommentAction","name":"Comment","target":["https:\/\/vinosa.it\/en\/il-prosecco-il-castello-il-vitigno-il-vino-dalle-rive-venete-allaustralia\/#respond"]}]},{"@type":"WebPage","@id":"https:\/\/vinosa.it\/en\/il-prosecco-il-castello-il-vitigno-il-vino-dalle-rive-venete-allaustralia\/","url":"https:\/\/vinosa.it\/en\/il-prosecco-il-castello-il-vitigno-il-vino-dalle-rive-venete-allaustralia\/","name":"Il Prosecco: il castello, il vitigno, il vino. Dalle \"rive\" venete all'Australia - VinOsa","isPartOf":{"@id":"https:\/\/vinosa.it\/en\/#website"},"primaryImageOfPage":{"@id":"https:\/\/vinosa.it\/en\/il-prosecco-il-castello-il-vitigno-il-vino-dalle-rive-venete-allaustralia\/#primaryimage"},"image":{"@id":"https:\/\/vinosa.it\/en\/il-prosecco-il-castello-il-vitigno-il-vino-dalle-rive-venete-allaustralia\/#primaryimage"},"thumbnailUrl":"https:\/\/vinosa.it\/wp-content\/uploads\/2021\/07\/prosecco-versus-Australia.png","datePublished":"2021-07-21T09:26:10+00:00","dateModified":"2021-10-26T12:39:39+00:00","description":"Conoscete la vera origine del prosecco? Prosecco vitigno, prosecco vino e anche prosecco castello. Una storia antica, con qualche mistero.","breadcrumb":{"@id":"https:\/\/vinosa.it\/en\/il-prosecco-il-castello-il-vitigno-il-vino-dalle-rive-venete-allaustralia\/#breadcrumb"},"inLanguage":"en-US","potentialAction":[{"@type":"ReadAction","target":["https:\/\/vinosa.it\/en\/il-prosecco-il-castello-il-vitigno-il-vino-dalle-rive-venete-allaustralia\/"]}]},{"@type":"ImageObject","inLanguage":"en-US","@id":"https:\/\/vinosa.it\/en\/il-prosecco-il-castello-il-vitigno-il-vino-dalle-rive-venete-allaustralia\/#primaryimage","url":"https:\/\/vinosa.it\/wp-content\/uploads\/2021\/07\/prosecco-versus-Australia.png","contentUrl":"https:\/\/vinosa.it\/wp-content\/uploads\/2021\/07\/prosecco-versus-Australia.png","width":2400,"height":1350},{"@type":"BreadcrumbList","@id":"https:\/\/vinosa.it\/en\/il-prosecco-il-castello-il-vitigno-il-vino-dalle-rive-venete-allaustralia\/#breadcrumb","itemListElement":[{"@type":"ListItem","position":1,"name":"Home","item":"https:\/\/vinosa.it\/en\/"},{"@type":"ListItem","position":2,"name":"Il Prosecco: il castello, il vitigno, il vino. Dalle &#8220;rive&#8221; venete all&#8217;Australia"}]},{"@type":"WebSite","@id":"https:\/\/vinosa.it\/en\/#website","url":"https:\/\/vinosa.it\/en\/","name":"VinOsa","description":"passeggiate temerarie tra i bicchieri","publisher":{"@id":"https:\/\/vinosa.it\/en\/#\/schema\/person\/376eb1d13ed81492fd979224d7ecf9c3"},"potentialAction":[{"@type":"SearchAction","target":{"@type":"EntryPoint","urlTemplate":"https:\/\/vinosa.it\/en\/?s={search_term_string}"},"query-input":{"@type":"PropertyValueSpecification","valueRequired":true,"valueName":"search_term_string"}}],"inLanguage":"en-US"},{"@type":["Person","Organization"],"@id":"https:\/\/vinosa.it\/en\/#\/schema\/person\/376eb1d13ed81492fd979224d7ecf9c3","name":"vinosa","image":{"@type":"ImageObject","inLanguage":"en-US","@id":"https:\/\/vinosa.it\/en\/#\/schema\/person\/image\/","url":"https:\/\/vinosa.it\/wp-content\/uploads\/2021\/05\/cropped-cropped-VinOsa-new-trasparente-2-2.png","contentUrl":"https:\/\/vinosa.it\/wp-content\/uploads\/2021\/05\/cropped-cropped-VinOsa-new-trasparente-2-2.png","width":697,"height":225,"caption":"vinosa"},"logo":{"@id":"https:\/\/vinosa.it\/en\/#\/schema\/person\/image\/"},"sameAs":["http:\/\/www.vinosa.it","https:\/\/www.facebook.com\/leviamoicalici\/?modal=admin_todo_tour","https:\/\/www.instagram.com\/vin.osa\/?hl=it","https:\/\/x.com\/leviamoicalici@vinosa.it"],"url":"https:\/\/vinosa.it\/en\/author\/vinosa\/"}]}},"jetpack_sharing_enabled":true,"jetpack_featured_media_url":"https:\/\/vinosa.it\/wp-content\/uploads\/2021\/07\/prosecco-versus-Australia.png","uagb_featured_image_src":{"full":["https:\/\/vinosa.it\/wp-content\/uploads\/2021\/07\/prosecco-versus-Australia.png",2400,1350,false],"thumbnail":["https:\/\/vinosa.it\/wp-content\/uploads\/2021\/07\/prosecco-versus-Australia-150x150.png",150,150,true],"medium":["https:\/\/vinosa.it\/wp-content\/uploads\/2021\/07\/prosecco-versus-Australia-300x169.png",300,169,true],"medium_large":["https:\/\/vinosa.it\/wp-content\/uploads\/2021\/07\/prosecco-versus-Australia-768x432.png",640,360,true],"large":["https:\/\/vinosa.it\/wp-content\/uploads\/2021\/07\/prosecco-versus-Australia-1024x576.png",640,360,true],"1536x1536":["https:\/\/vinosa.it\/wp-content\/uploads\/2021\/07\/prosecco-versus-Australia-1536x864.png",1536,864,true],"2048x2048":["https:\/\/vinosa.it\/wp-content\/uploads\/2021\/07\/prosecco-versus-Australia-2048x1152.png",2048,1152,true],"mbt_book_image":["https:\/\/vinosa.it\/wp-content\/uploads\/2021\/07\/prosecco-versus-Australia-800x450.png",800,450,true],"mbt_endorsement_image":["https:\/\/vinosa.it\/wp-content\/uploads\/2021\/07\/prosecco-versus-Australia-711x400.png",711,400,true],"post-thumbnail":["https:\/\/vinosa.it\/wp-content\/uploads\/2021\/07\/prosecco-versus-Australia-300x169.png",300,169,true],"flatmagazinews-grid":["https:\/\/vinosa.it\/wp-content\/uploads\/2021\/07\/prosecco-versus-Australia-350x230.png",350,230,true],"flatmagazinews-slider":["https:\/\/vinosa.it\/wp-content\/uploads\/2021\/07\/prosecco-versus-Australia-850x478.png",850,478,true],"flatmagazinews-small":["https:\/\/vinosa.it\/wp-content\/uploads\/2021\/07\/prosecco-versus-Australia-300x180.png",300,180,true],"yarpp-thumbnail":["https:\/\/vinosa.it\/wp-content\/uploads\/2021\/07\/prosecco-versus-Australia.png",120,68,false],"awb_sm":["https:\/\/vinosa.it\/wp-content\/uploads\/2021\/07\/prosecco-versus-Australia-500x281.png",500,281,true],"awb_md":["https:\/\/vinosa.it\/wp-content\/uploads\/2021\/07\/prosecco-versus-Australia-800x450.png",800,450,true],"awb_lg":["https:\/\/vinosa.it\/wp-content\/uploads\/2021\/07\/prosecco-versus-Australia-1280x720.png",1280,720,true],"awb_xl":["https:\/\/vinosa.it\/wp-content\/uploads\/2021\/07\/prosecco-versus-Australia-1920x1080.png",1920,1080,true]},"uagb_author_info":{"display_name":"vinosa","author_link":"https:\/\/vinosa.it\/en\/author\/vinosa\/"},"uagb_comment_info":0,"uagb_excerpt":"Tempo di lettura: 10 minuti126 &#8211; Carnorum haec regio iunctaque Iapudum, amnis Timavus, castellum nobile vino Pucinum, Tergestinus sinus, colonia Tergeste, XXXIII ab Aquileia. ultra quam sex milia p. Formio amnis, ab Ravenna CLXXXVIIII, anticus auctae Italiae terminus, nunc vero Histriae. quam cognominatam a flumine Histro, in Hadriam effluente e Danuvio amne eodemque Histro exadversum&hellip;","jetpack_shortlink":"https:\/\/wp.me\/pbI5Es-Jt","amp_enabled":true,"_links":{"self":[{"href":"https:\/\/vinosa.it\/en\/wp-json\/wp\/v2\/posts\/2819"}],"collection":[{"href":"https:\/\/vinosa.it\/en\/wp-json\/wp\/v2\/posts"}],"about":[{"href":"https:\/\/vinosa.it\/en\/wp-json\/wp\/v2\/types\/post"}],"author":[{"embeddable":true,"href":"https:\/\/vinosa.it\/en\/wp-json\/wp\/v2\/users\/1"}],"replies":[{"embeddable":true,"href":"https:\/\/vinosa.it\/en\/wp-json\/wp\/v2\/comments?post=2819"}],"version-history":[{"count":0,"href":"https:\/\/vinosa.it\/en\/wp-json\/wp\/v2\/posts\/2819\/revisions"}],"wp:featuredmedia":[{"embeddable":true,"href":"https:\/\/vinosa.it\/en\/wp-json\/wp\/v2\/media\/2821"}],"wp:attachment":[{"href":"https:\/\/vinosa.it\/en\/wp-json\/wp\/v2\/media?parent=2819"}],"wp:term":[{"taxonomy":"category","embeddable":true,"href":"https:\/\/vinosa.it\/en\/wp-json\/wp\/v2\/categories?post=2819"},{"taxonomy":"post_tag","embeddable":true,"href":"https:\/\/vinosa.it\/en\/wp-json\/wp\/v2\/tags?post=2819"}],"curies":[{"name":"wp","href":"https:\/\/api.w.org\/{rel}","templated":true}]}}